{"id":8711,"date":"2023-04-27T09:57:12","date_gmt":"2023-04-27T07:57:12","guid":{"rendered":"https:\/\/www.fundacioimpulsa.org\/signem-un-conveni-de-collaboracio-amb-casal-claret-per-treballar-junts-contra-lexclusio-social-dels-joves\/"},"modified":"2023-04-27T14:44:21","modified_gmt":"2023-04-27T12:44:21","slug":"signem-un-conveni-de-collaboracio-amb-casal-claret-per-treballar-junts-contra-lexclusio-social-dels-joves","status":"publish","type":"post","link":"https:\/\/www.fundacioimpulsa.org\/es\/signem-un-conveni-de-collaboracio-amb-casal-claret-per-treballar-junts-contra-lexclusio-social-dels-joves\/","title":{"rendered":"Firmamos un convenio de colaboraci\u00f3n con Casal Claret para trabajar juntos contra la exclusi\u00f3n social de los j\u00f3venes"},"content":{"rendered":"<p><img loading=\"lazy\" decoding=\"async\" class=\"alignnone wp-image-8718 \" src=\"https:\/\/www.fundacioimpulsa.org\/wp-content\/uploads\/2023\/04\/IMG20230427114122-225x300.jpg\" alt=\"\" width=\"518\" height=\"691\" srcset=\"https:\/\/www.fundacioimpulsa.org\/wp-content\/uploads\/2023\/04\/IMG20230427114122-225x300.jpg 225w, https:\/\/www.fundacioimpulsa.org\/wp-content\/uploads\/2023\/04\/IMG20230427114122-773x1030.jpg 773w, https:\/\/www.fundacioimpulsa.org\/wp-content\/uploads\/2023\/04\/IMG20230427114122-768x1024.jpg 768w, https:\/\/www.fundacioimpulsa.org\/wp-content\/uploads\/2023\/04\/IMG20230427114122-1152x1536.jpg 1152w, https:\/\/www.fundacioimpulsa.org\/wp-content\/uploads\/2023\/04\/IMG20230427114122-1536x2048.jpg 1536w, https:\/\/www.fundacioimpulsa.org\/wp-content\/uploads\/2023\/04\/IMG20230427114122-1125x1500.jpg 1125w, https:\/\/www.fundacioimpulsa.org\/wp-content\/uploads\/2023\/04\/IMG20230427114122-529x705.jpg 529w, https:\/\/www.fundacioimpulsa.org\/wp-content\/uploads\/2023\/04\/IMG20230427114122-398x530.jpg 398w, https:\/\/www.fundacioimpulsa.org\/wp-content\/uploads\/2023\/04\/IMG20230427114122-158x211.jpg 158w, https:\/\/www.fundacioimpulsa.org\/wp-content\/uploads\/2023\/04\/IMG20230427114122-scaled.jpg 1920w\" sizes=\"auto, (max-width: 518px) 100vw, 518px\" \/><\/p>\n<p><span data-contrast=\"none\">Con el objetivo de fomentar la colaboraci\u00f3n entre ambas entidades en relaci\u00f3n con la labor de voluntariado que realizan los j\u00f3venes de la Fundaci\u00f3n Impulsa en Casal Claret, <\/span><strong>encontrar sinergias y mejorar el desarrollo de los respectivos programas de actuaci\u00f3n<\/strong><span data-contrast=\"none\">, desde la Fundaci\u00f3n Impulsa <\/span><strong>hemos firmado un convenio de colaboraci\u00f3n con el Casal Claret, entidad social sin \u00e1nimo de lucro que realiza actividades y proyectos para acompa\u00f1ar a personas en situaciones de exclusi\u00f3n social y vulnerabilidad.\u00a0<\/strong><\/p>\n<p><span data-contrast=\"none\">As\u00ed, esta colaboraci\u00f3n tambi\u00e9n busca <\/span><strong>ofrecernos soporte mutuo para que se puedan compartir recursos y potenciar el trabajo en red dentro del territorio<\/strong><span data-contrast=\"none\">. Con esta voluntad, el Casal Claret se compromete a acoger a j\u00f3venes de la Fundaci\u00f3n Impulsa para que \u00e9stos puedan <\/span><strong>desarrollar las horas de voluntariado que deben llevar a cabo en el marco del Programa Impulsa Crecimiento Humano como compromiso con la Fundaci\u00f3n Impulsa<\/strong><span data-contrast=\"none\">, as\u00ed como tambi\u00e9n se compromete a proporcionarles las herramientas necesarias para desarrollar las funciones que se les asignen desde la entidad, entre otras, <\/span><strong>contando siempre con un acompa\u00f1amiento por parte de los equipos t\u00e9cnicos de ambas entidades<\/strong><span data-contrast=\"none\"><strong>.<\/strong> Lo explica la <\/span><strong>t\u00e9cnica de Programas de la Fundaci\u00f3n Impulsa, Marta Garrido<\/strong><span data-contrast=\"none\">, que pone de manifiesto el valor de establecer colaboraciones como la que se lleva a cabo con el Casal Claret: \u201cPara nosotros <\/span><strong>es muy importante poder establecer sinergias y col \u00b7laboraciones con entidades que trabajan en la misma direcci\u00f3n que nosotros<\/strong> <span data-contrast=\"none\">y a trav\u00e9s de las cuales podemos ofrecer a los j\u00f3venes llevar a cabo sus horas de voluntariado, potenciando su crecimiento humano. En el marco de esta colaboraci\u00f3n <\/span><strong>se mantendr\u00e1 una coordinaci\u00f3n trimestral con la t\u00e9cnica referente a cargo de la supervisi\u00f3n de los j\u00f3venes voluntarios con el objetivo de valorar y realizar el seguimiento de la tarea de voluntariado de los j\u00f3venes\u201d. <\/strong><span data-ccp-props=\"{&quot;201341983&quot;:0,&quot;335559739&quot;:160,&quot;335559740&quot;:360}\">\u00a0<\/span><\/p>\n<p><span data-contrast=\"none\">En esta misma l\u00ednea, la <\/span><strong>directora de Casal Claret, Anna Larios<\/strong> <span data-contrast=\"none\">tambi\u00e9n destaca el porqu\u00e9 de esta apuesta con la Fundaci\u00f3n Impulsa: \u201cDesde Casal Claret acompa\u00f1amos vidas con la voluntad y la certeza de que desde la educaci\u00f3n podemos conseguir una transformaci\u00f3n social digno que ofrezca posibilidades emancipadoras que incluyan a las personas, garanticen un futuro en igualdad de condiciones para todos los ni\u00f1os y adolescentes, poniendo sus vidas en el centro. <\/span><strong>Para ir trabajando en pro de esta inclusi\u00f3n social, desde el Casal Claret creemos en el trabajo colaborativo y en red con los diferentes agentes y entidades del territorio, este caso Osona, y por este motivo hemos hecho un acuerdo de colaboraci\u00f3n con la Fundaci\u00f3n Impulsa\u201d.\u00a0<\/strong><\/p>\n<p><span data-contrast=\"none\">A trav\u00e9s de esta colaboraci\u00f3n, los j\u00f3venes de la Fundaci\u00f3n Impulsa apoyar\u00e1n el proyecto de infancia y adolescencia del Casal Claret.<\/span><span data-ccp-props=\"{&quot;201341983&quot;:0,&quot;335559739&quot;:160,&quot;335559740&quot;:360}\">\u00a0<\/span><\/p>\n","protected":false},"excerpt":{"rendered":"<p>Con el objetivo de fomentar la colaboraci\u00f3n entre ambas entidades en relaci\u00f3n con la labor de voluntariado que realizan los j\u00f3venes de la Fundaci\u00f3n Impulsa en Casal Claret, encontrar sinergias y mejorar el desarrollo de los respectivos programas de actuaci\u00f3n, desde la Fundaci\u00f3n Impulsa hemos firmado un convenio de colaboraci\u00f3n con el Casal Claret, entidad [&hellip;]<\/p>\n","protected":false},"author":6,"featured_media":8718,"comment_status":"closed","ping_status":"closed","sticky":false,"template":"","format":"standard","meta":{"_acf_changed":false,"footnotes":""},"categories":[76],"tags":[77],"class_list":["post-8711","post","type-post","status-publish","format-standard","has-post-thumbnail","hentry","category-noticies-es","tag-metodeimpulsa-es"],"acf":[],"yoast_head":"<!-- This site is optimized with the Yoast SEO plugin v27.3 - https:\/\/yoast.com\/product\/yoast-seo-wordpress\/ -->\n<title>Firmamos un convenio de colaboraci\u00f3n con Casal Claret para trabajar juntos contra la exclusi\u00f3n social de los j\u00f3venes - Fundacio Impulsa<\/title>\n<meta name=\"robots\" content=\"index, follow, max-snippet:-1, max-image-preview:large, max-video-preview:-1\" \/>\n<link rel=\"canonical\" href=\"https:\/\/www.fundacioimpulsa.org\/es\/signem-un-conveni-de-collaboracio-amb-casal-claret-per-treballar-junts-contra-lexclusio-social-dels-joves\/\" \/>\n<meta property=\"og:locale\" content=\"es_ES\" \/>\n<meta property=\"og:type\" content=\"article\" \/>\n<meta property=\"og:title\" content=\"Firmamos un convenio de colaboraci\u00f3n con Casal Claret para trabajar juntos contra la exclusi\u00f3n social de los j\u00f3venes - Fundacio Impulsa\" \/>\n<meta property=\"og:description\" content=\"Con el objetivo de fomentar la colaboraci\u00f3n entre ambas entidades en relaci\u00f3n con la labor de voluntariado que realizan los j\u00f3venes de la Fundaci\u00f3n Impulsa en Casal Claret, encontrar sinergias y mejorar el desarrollo de los respectivos programas de actuaci\u00f3n, desde la Fundaci\u00f3n Impulsa hemos firmado un convenio de colaboraci\u00f3n con el Casal Claret, entidad [&hellip;]\" \/>\n<meta property=\"og:url\" content=\"https:\/\/www.fundacioimpulsa.org\/es\/signem-un-conveni-de-collaboracio-amb-casal-claret-per-treballar-junts-contra-lexclusio-social-dels-joves\/\" \/>\n<meta property=\"og:site_name\" content=\"Fundacio Impulsa\" \/>\n<meta property=\"article:published_time\" content=\"2023-04-27T07:57:12+00:00\" \/>\n<meta property=\"article:modified_time\" content=\"2023-04-27T12:44:21+00:00\" \/>\n<meta property=\"og:image\" content=\"https:\/\/www.fundacioimpulsa.org\/wp-content\/uploads\/2023\/04\/IMG20230427114122-773x1030.jpg\" \/>\n\t<meta property=\"og:image:width\" content=\"773\" \/>\n\t<meta property=\"og:image:height\" content=\"1030\" \/>\n\t<meta property=\"og:image:type\" content=\"image\/jpeg\" \/>\n<meta name=\"author\" content=\"comunicacio\" \/>\n<meta name=\"twitter:card\" content=\"summary_large_image\" \/>\n<meta name=\"twitter:label1\" content=\"Escrito por\" \/>\n\t<meta name=\"twitter:data1\" content=\"comunicacio\" \/>\n\t<meta name=\"twitter:label2\" content=\"Tiempo de lectura\" \/>\n\t<meta name=\"twitter:data2\" content=\"2 minutos\" \/>\n<script type=\"application\/ld+json\" class=\"yoast-schema-graph\">{\"@context\":\"https:\\\/\\\/schema.org\",\"@graph\":[{\"@type\":\"Article\",\"@id\":\"https:\\\/\\\/www.fundacioimpulsa.org\\\/es\\\/signem-un-conveni-de-collaboracio-amb-casal-claret-per-treballar-junts-contra-lexclusio-social-dels-joves\\\/#article\",\"isPartOf\":{\"@id\":\"https:\\\/\\\/www.fundacioimpulsa.org\\\/es\\\/signem-un-conveni-de-collaboracio-amb-casal-claret-per-treballar-junts-contra-lexclusio-social-dels-joves\\\/\"},\"author\":{\"name\":\"comunicacio\",\"@id\":\"https:\\\/\\\/www.fundacioimpulsa.org\\\/es\\\/#\\\/schema\\\/person\\\/8e5d127d58d49b0b3a374d763db6672b\"},\"headline\":\"Firmamos un convenio de colaboraci\u00f3n con Casal Claret para trabajar juntos contra la exclusi\u00f3n social de los j\u00f3venes\",\"datePublished\":\"2023-04-27T07:57:12+00:00\",\"dateModified\":\"2023-04-27T12:44:21+00:00\",\"mainEntityOfPage\":{\"@id\":\"https:\\\/\\\/www.fundacioimpulsa.org\\\/es\\\/signem-un-conveni-de-collaboracio-amb-casal-claret-per-treballar-junts-contra-lexclusio-social-dels-joves\\\/\"},\"wordCount\":499,\"image\":{\"@id\":\"https:\\\/\\\/www.fundacioimpulsa.org\\\/es\\\/signem-un-conveni-de-collaboracio-amb-casal-claret-per-treballar-junts-contra-lexclusio-social-dels-joves\\\/#primaryimage\"},\"thumbnailUrl\":\"https:\\\/\\\/www.fundacioimpulsa.org\\\/wp-content\\\/uploads\\\/2023\\\/04\\\/IMG20230427114122-scaled-e1682599357258.jpg\",\"keywords\":[\"#M\u00e8todeImpulsa\"],\"articleSection\":[\"Noticias\"],\"inLanguage\":\"es\"},{\"@type\":\"WebPage\",\"@id\":\"https:\\\/\\\/www.fundacioimpulsa.org\\\/es\\\/signem-un-conveni-de-collaboracio-amb-casal-claret-per-treballar-junts-contra-lexclusio-social-dels-joves\\\/\",\"url\":\"https:\\\/\\\/www.fundacioimpulsa.org\\\/es\\\/signem-un-conveni-de-collaboracio-amb-casal-claret-per-treballar-junts-contra-lexclusio-social-dels-joves\\\/\",\"name\":\"Firmamos un convenio de colaboraci\u00f3n con Casal Claret para trabajar juntos contra la exclusi\u00f3n social de los j\u00f3venes - Fundacio Impulsa\",\"isPartOf\":{\"@id\":\"https:\\\/\\\/www.fundacioimpulsa.org\\\/es\\\/#website\"},\"primaryImageOfPage\":{\"@id\":\"https:\\\/\\\/www.fundacioimpulsa.org\\\/es\\\/signem-un-conveni-de-collaboracio-amb-casal-claret-per-treballar-junts-contra-lexclusio-social-dels-joves\\\/#primaryimage\"},\"image\":{\"@id\":\"https:\\\/\\\/www.fundacioimpulsa.org\\\/es\\\/signem-un-conveni-de-collaboracio-amb-casal-claret-per-treballar-junts-contra-lexclusio-social-dels-joves\\\/#primaryimage\"},\"thumbnailUrl\":\"https:\\\/\\\/www.fundacioimpulsa.org\\\/wp-content\\\/uploads\\\/2023\\\/04\\\/IMG20230427114122-scaled-e1682599357258.jpg\",\"datePublished\":\"2023-04-27T07:57:12+00:00\",\"dateModified\":\"2023-04-27T12:44:21+00:00\",\"author\":{\"@id\":\"https:\\\/\\\/www.fundacioimpulsa.org\\\/es\\\/#\\\/schema\\\/person\\\/8e5d127d58d49b0b3a374d763db6672b\"},\"breadcrumb\":{\"@id\":\"https:\\\/\\\/www.fundacioimpulsa.org\\\/es\\\/signem-un-conveni-de-collaboracio-amb-casal-claret-per-treballar-junts-contra-lexclusio-social-dels-joves\\\/#breadcrumb\"},\"inLanguage\":\"es\",\"potentialAction\":[{\"@type\":\"ReadAction\",\"target\":[\"https:\\\/\\\/www.fundacioimpulsa.org\\\/es\\\/signem-un-conveni-de-collaboracio-amb-casal-claret-per-treballar-junts-contra-lexclusio-social-dels-joves\\\/\"]}]},{\"@type\":\"ImageObject\",\"inLanguage\":\"es\",\"@id\":\"https:\\\/\\\/www.fundacioimpulsa.org\\\/es\\\/signem-un-conveni-de-collaboracio-amb-casal-claret-per-treballar-junts-contra-lexclusio-social-dels-joves\\\/#primaryimage\",\"url\":\"https:\\\/\\\/www.fundacioimpulsa.org\\\/wp-content\\\/uploads\\\/2023\\\/04\\\/IMG20230427114122-scaled-e1682599357258.jpg\",\"contentUrl\":\"https:\\\/\\\/www.fundacioimpulsa.org\\\/wp-content\\\/uploads\\\/2023\\\/04\\\/IMG20230427114122-scaled-e1682599357258.jpg\",\"width\":1920,\"height\":2560},{\"@type\":\"BreadcrumbList\",\"@id\":\"https:\\\/\\\/www.fundacioimpulsa.org\\\/es\\\/signem-un-conveni-de-collaboracio-amb-casal-claret-per-treballar-junts-contra-lexclusio-social-dels-joves\\\/#breadcrumb\",\"itemListElement\":[{\"@type\":\"ListItem\",\"position\":1,\"name\":\"Inici\",\"item\":\"https:\\\/\\\/www.fundacioimpulsa.org\\\/es\\\/fundacio-impulsa\\\/\"},{\"@type\":\"ListItem\",\"position\":2,\"name\":\"Firmamos un convenio de colaboraci\u00f3n con Casal Claret para trabajar juntos contra la exclusi\u00f3n social de los j\u00f3venes\"}]},{\"@type\":\"WebSite\",\"@id\":\"https:\\\/\\\/www.fundacioimpulsa.org\\\/es\\\/#website\",\"url\":\"https:\\\/\\\/www.fundacioimpulsa.org\\\/es\\\/\",\"name\":\"Fundacio Impulsa\",\"description\":\"\",\"potentialAction\":[{\"@type\":\"SearchAction\",\"target\":{\"@type\":\"EntryPoint\",\"urlTemplate\":\"https:\\\/\\\/www.fundacioimpulsa.org\\\/es\\\/?s={search_term_string}\"},\"query-input\":{\"@type\":\"PropertyValueSpecification\",\"valueRequired\":true,\"valueName\":\"search_term_string\"}}],\"inLanguage\":\"es\"},{\"@type\":\"Person\",\"@id\":\"https:\\\/\\\/www.fundacioimpulsa.org\\\/es\\\/#\\\/schema\\\/person\\\/8e5d127d58d49b0b3a374d763db6672b\",\"name\":\"comunicacio\",\"image\":{\"@type\":\"ImageObject\",\"inLanguage\":\"es\",\"@id\":\"https:\\\/\\\/secure.gravatar.com\\\/avatar\\\/179d9804721934af904d6831ff1a982684d2987826415ba17246a2fefb582344?s=96&d=mm&r=g\",\"url\":\"https:\\\/\\\/secure.gravatar.com\\\/avatar\\\/179d9804721934af904d6831ff1a982684d2987826415ba17246a2fefb582344?s=96&d=mm&r=g\",\"contentUrl\":\"https:\\\/\\\/secure.gravatar.com\\\/avatar\\\/179d9804721934af904d6831ff1a982684d2987826415ba17246a2fefb582344?s=96&d=mm&r=g\",\"caption\":\"comunicacio\"},\"url\":\"https:\\\/\\\/www.fundacioimpulsa.org\\\/es\\\/author\\\/comunicacio\\\/\"}]}<\/script>\n<!-- \/ Yoast SEO plugin. -->","yoast_head_json":{"title":"Firmamos un convenio de colaboraci\u00f3n con Casal Claret para trabajar juntos contra la exclusi\u00f3n social de los j\u00f3venes - Fundacio Impulsa","robots":{"index":"index","follow":"follow","max-snippet":"max-snippet:-1","max-image-preview":"max-image-preview:large","max-video-preview":"max-video-preview:-1"},"canonical":"https:\/\/www.fundacioimpulsa.org\/es\/signem-un-conveni-de-collaboracio-amb-casal-claret-per-treballar-junts-contra-lexclusio-social-dels-joves\/","og_locale":"es_ES","og_type":"article","og_title":"Firmamos un convenio de colaboraci\u00f3n con Casal Claret para trabajar juntos contra la exclusi\u00f3n social de los j\u00f3venes - Fundacio Impulsa","og_description":"Con el objetivo de fomentar la colaboraci\u00f3n entre ambas entidades en relaci\u00f3n con la labor de voluntariado que realizan los j\u00f3venes de la Fundaci\u00f3n Impulsa en Casal Claret, encontrar sinergias y mejorar el desarrollo de los respectivos programas de actuaci\u00f3n, desde la Fundaci\u00f3n Impulsa hemos firmado un convenio de colaboraci\u00f3n con el Casal Claret, entidad [&hellip;]","og_url":"https:\/\/www.fundacioimpulsa.org\/es\/signem-un-conveni-de-collaboracio-amb-casal-claret-per-treballar-junts-contra-lexclusio-social-dels-joves\/","og_site_name":"Fundacio Impulsa","article_published_time":"2023-04-27T07:57:12+00:00","article_modified_time":"2023-04-27T12:44:21+00:00","og_image":[{"width":773,"height":1030,"url":"https:\/\/www.fundacioimpulsa.org\/wp-content\/uploads\/2023\/04\/IMG20230427114122-773x1030.jpg","type":"image\/jpeg"}],"author":"comunicacio","twitter_card":"summary_large_image","twitter_misc":{"Escrito por":"comunicacio","Tiempo de lectura":"2 minutos"},"schema":{"@context":"https:\/\/schema.org","@graph":[{"@type":"Article","@id":"https:\/\/www.fundacioimpulsa.org\/es\/signem-un-conveni-de-collaboracio-amb-casal-claret-per-treballar-junts-contra-lexclusio-social-dels-joves\/#article","isPartOf":{"@id":"https:\/\/www.fundacioimpulsa.org\/es\/signem-un-conveni-de-collaboracio-amb-casal-claret-per-treballar-junts-contra-lexclusio-social-dels-joves\/"},"author":{"name":"comunicacio","@id":"https:\/\/www.fundacioimpulsa.org\/es\/#\/schema\/person\/8e5d127d58d49b0b3a374d763db6672b"},"headline":"Firmamos un convenio de colaboraci\u00f3n con Casal Claret para trabajar juntos contra la exclusi\u00f3n social de los j\u00f3venes","datePublished":"2023-04-27T07:57:12+00:00","dateModified":"2023-04-27T12:44:21+00:00","mainEntityOfPage":{"@id":"https:\/\/www.fundacioimpulsa.org\/es\/signem-un-conveni-de-collaboracio-amb-casal-claret-per-treballar-junts-contra-lexclusio-social-dels-joves\/"},"wordCount":499,"image":{"@id":"https:\/\/www.fundacioimpulsa.org\/es\/signem-un-conveni-de-collaboracio-amb-casal-claret-per-treballar-junts-contra-lexclusio-social-dels-joves\/#primaryimage"},"thumbnailUrl":"https:\/\/www.fundacioimpulsa.org\/wp-content\/uploads\/2023\/04\/IMG20230427114122-scaled-e1682599357258.jpg","keywords":["#M\u00e8todeImpulsa"],"articleSection":["Noticias"],"inLanguage":"es"},{"@type":"WebPage","@id":"https:\/\/www.fundacioimpulsa.org\/es\/signem-un-conveni-de-collaboracio-amb-casal-claret-per-treballar-junts-contra-lexclusio-social-dels-joves\/","url":"https:\/\/www.fundacioimpulsa.org\/es\/signem-un-conveni-de-collaboracio-amb-casal-claret-per-treballar-junts-contra-lexclusio-social-dels-joves\/","name":"Firmamos un convenio de colaboraci\u00f3n con Casal Claret para trabajar juntos contra la exclusi\u00f3n social de los j\u00f3venes - Fundacio Impulsa","isPartOf":{"@id":"https:\/\/www.fundacioimpulsa.org\/es\/#website"},"primaryImageOfPage":{"@id":"https:\/\/www.fundacioimpulsa.org\/es\/signem-un-conveni-de-collaboracio-amb-casal-claret-per-treballar-junts-contra-lexclusio-social-dels-joves\/#primaryimage"},"image":{"@id":"https:\/\/www.fundacioimpulsa.org\/es\/signem-un-conveni-de-collaboracio-amb-casal-claret-per-treballar-junts-contra-lexclusio-social-dels-joves\/#primaryimage"},"thumbnailUrl":"https:\/\/www.fundacioimpulsa.org\/wp-content\/uploads\/2023\/04\/IMG20230427114122-scaled-e1682599357258.jpg","datePublished":"2023-04-27T07:57:12+00:00","dateModified":"2023-04-27T12:44:21+00:00","author":{"@id":"https:\/\/www.fundacioimpulsa.org\/es\/#\/schema\/person\/8e5d127d58d49b0b3a374d763db6672b"},"breadcrumb":{"@id":"https:\/\/www.fundacioimpulsa.org\/es\/signem-un-conveni-de-collaboracio-amb-casal-claret-per-treballar-junts-contra-lexclusio-social-dels-joves\/#breadcrumb"},"inLanguage":"es","potentialAction":[{"@type":"ReadAction","target":["https:\/\/www.fundacioimpulsa.org\/es\/signem-un-conveni-de-collaboracio-amb-casal-claret-per-treballar-junts-contra-lexclusio-social-dels-joves\/"]}]},{"@type":"ImageObject","inLanguage":"es","@id":"https:\/\/www.fundacioimpulsa.org\/es\/signem-un-conveni-de-collaboracio-amb-casal-claret-per-treballar-junts-contra-lexclusio-social-dels-joves\/#primaryimage","url":"https:\/\/www.fundacioimpulsa.org\/wp-content\/uploads\/2023\/04\/IMG20230427114122-scaled-e1682599357258.jpg","contentUrl":"https:\/\/www.fundacioimpulsa.org\/wp-content\/uploads\/2023\/04\/IMG20230427114122-scaled-e1682599357258.jpg","width":1920,"height":2560},{"@type":"BreadcrumbList","@id":"https:\/\/www.fundacioimpulsa.org\/es\/signem-un-conveni-de-collaboracio-amb-casal-claret-per-treballar-junts-contra-lexclusio-social-dels-joves\/#breadcrumb","itemListElement":[{"@type":"ListItem","position":1,"name":"Inici","item":"https:\/\/www.fundacioimpulsa.org\/es\/fundacio-impulsa\/"},{"@type":"ListItem","position":2,"name":"Firmamos un convenio de colaboraci\u00f3n con Casal Claret para trabajar juntos contra la exclusi\u00f3n social de los j\u00f3venes"}]},{"@type":"WebSite","@id":"https:\/\/www.fundacioimpulsa.org\/es\/#website","url":"https:\/\/www.fundacioimpulsa.org\/es\/","name":"Fundacio Impulsa","description":"","potentialAction":[{"@type":"SearchAction","target":{"@type":"EntryPoint","urlTemplate":"https:\/\/www.fundacioimpulsa.org\/es\/?s={search_term_string}"},"query-input":{"@type":"PropertyValueSpecification","valueRequired":true,"valueName":"search_term_string"}}],"inLanguage":"es"},{"@type":"Person","@id":"https:\/\/www.fundacioimpulsa.org\/es\/#\/schema\/person\/8e5d127d58d49b0b3a374d763db6672b","name":"comunicacio","image":{"@type":"ImageObject","inLanguage":"es","@id":"https:\/\/secure.gravatar.com\/avatar\/179d9804721934af904d6831ff1a982684d2987826415ba17246a2fefb582344?s=96&d=mm&r=g","url":"https:\/\/secure.gravatar.com\/avatar\/179d9804721934af904d6831ff1a982684d2987826415ba17246a2fefb582344?s=96&d=mm&r=g","contentUrl":"https:\/\/secure.gravatar.com\/avatar\/179d9804721934af904d6831ff1a982684d2987826415ba17246a2fefb582344?s=96&d=mm&r=g","caption":"comunicacio"},"url":"https:\/\/www.fundacioimpulsa.org\/es\/author\/comunicacio\/"}]}},"publishpress_future_action":{"enabled":false,"date":"2026-05-06 09:42:56","action":"change-status","newStatus":"draft","terms":[],"taxonomy":"category","extraData":[]},"publishpress_future_workflow_manual_trigger":{"enabledWorkflows":[]},"_links":{"self":[{"href":"https:\/\/www.fundacioimpulsa.org\/es\/wp-json\/wp\/v2\/posts\/8711","targetHints":{"allow":["GET"]}}],"collection":[{"href":"https:\/\/www.fundacioimpulsa.org\/es\/wp-json\/wp\/v2\/posts"}],"about":[{"href":"https:\/\/www.fundacioimpulsa.org\/es\/wp-json\/wp\/v2\/types\/post"}],"author":[{"embeddable":true,"href":"https:\/\/www.fundacioimpulsa.org\/es\/wp-json\/wp\/v2\/users\/6"}],"replies":[{"embeddable":true,"href":"https:\/\/www.fundacioimpulsa.org\/es\/wp-json\/wp\/v2\/comments?post=8711"}],"version-history":[{"count":4,"href":"https:\/\/www.fundacioimpulsa.org\/es\/wp-json\/wp\/v2\/posts\/8711\/revisions"}],"predecessor-version":[{"id":8720,"href":"https:\/\/www.fundacioimpulsa.org\/es\/wp-json\/wp\/v2\/posts\/8711\/revisions\/8720"}],"wp:featuredmedia":[{"embeddable":true,"href":"https:\/\/www.fundacioimpulsa.org\/es\/wp-json\/wp\/v2\/media\/8718"}],"wp:attachment":[{"href":"https:\/\/www.fundacioimpulsa.org\/es\/wp-json\/wp\/v2\/media?parent=8711"}],"wp:term":[{"taxonomy":"category","embeddable":true,"href":"https:\/\/www.fundacioimpulsa.org\/es\/wp-json\/wp\/v2\/categories?post=8711"},{"taxonomy":"post_tag","embeddable":true,"href":"https:\/\/www.fundacioimpulsa.org\/es\/wp-json\/wp\/v2\/tags?post=8711"}],"curies":[{"name":"wp","href":"https:\/\/api.w.org\/{rel}","templated":true}]}}