{"id":8821,"date":"2023-06-02T09:33:19","date_gmt":"2023-06-02T07:33:19","guid":{"rendered":"https:\/\/www.fundacioimpulsa.org\/?p=8821"},"modified":"2023-06-04T19:38:56","modified_gmt":"2023-06-04T17:38:56","slug":"joves-de-la-fundacio-impulsa-visiten-per-tercer-any-consecutiu-lorganitzacio-impulsora-quadpack-per-coneixer-de-primera-ma-la-realitat-del-mon-laboral","status":"publish","type":"post","link":"https:\/\/www.fundacioimpulsa.org\/es\/joves-de-la-fundacio-impulsa-visiten-per-tercer-any-consecutiu-lorganitzacio-impulsora-quadpack-per-coneixer-de-primera-ma-la-realitat-del-mon-laboral\/","title":{"rendered":"J\u00f3venes de la Fundaci\u00f3n Impulsa visitan por tercer a\u00f1o consecutivo la Organizaci\u00f3n Impulsora Quadpack para conocer de primera mano la realidad del mundo laboral"},"content":{"rendered":"<p aria-level=\"5\"><img loading=\"lazy\" decoding=\"async\" class=\"alignnone wp-image-8815\" src=\"https:\/\/www.fundacioimpulsa.org\/wp-content\/uploads\/2023\/06\/WhatsApp-Image-2023-06-01-at-19.02.34-300x226.jpeg\" alt=\"\" width=\"726\" height=\"547\" srcset=\"https:\/\/www.fundacioimpulsa.org\/wp-content\/uploads\/2023\/06\/WhatsApp-Image-2023-06-01-at-19.02.34-300x226.jpeg 300w, https:\/\/www.fundacioimpulsa.org\/wp-content\/uploads\/2023\/06\/WhatsApp-Image-2023-06-01-at-19.02.34-1030x776.jpeg 1030w, https:\/\/www.fundacioimpulsa.org\/wp-content\/uploads\/2023\/06\/WhatsApp-Image-2023-06-01-at-19.02.34-768x578.jpeg 768w, https:\/\/www.fundacioimpulsa.org\/wp-content\/uploads\/2023\/06\/WhatsApp-Image-2023-06-01-at-19.02.34-1536x1157.jpeg 1536w, https:\/\/www.fundacioimpulsa.org\/wp-content\/uploads\/2023\/06\/WhatsApp-Image-2023-06-01-at-19.02.34-1500x1130.jpeg 1500w, https:\/\/www.fundacioimpulsa.org\/wp-content\/uploads\/2023\/06\/WhatsApp-Image-2023-06-01-at-19.02.34-705x531.jpeg 705w, https:\/\/www.fundacioimpulsa.org\/wp-content\/uploads\/2023\/06\/WhatsApp-Image-2023-06-01-at-19.02.34-704x530.jpeg 704w, https:\/\/www.fundacioimpulsa.org\/wp-content\/uploads\/2023\/06\/WhatsApp-Image-2023-06-01-at-19.02.34-280x211.jpeg 280w, https:\/\/www.fundacioimpulsa.org\/wp-content\/uploads\/2023\/06\/WhatsApp-Image-2023-06-01-at-19.02.34.jpeg 1600w\" sizes=\"auto, (max-width: 726px) 100vw, 726px\" \/><\/p>\n<p><span data-contrast=\"none\">Por tercer a\u00f1o consecutivo, la Organizaci\u00f3n Impulsora <\/span><strong><a href=\"https:\/\/www.quadpack.com\/\">Quadpack<\/a> ha vuelto a abrir sus puertas a los j\u00f3venes de la Fundaci\u00f3n Impulsa<\/strong><span data-contrast=\"none\">, y <\/span><strong>por primera vez<\/strong><span data-contrast=\"none\"> esta vez ha estado <\/span><strong>en la planta de Quadpack Wood<\/strong><span data-contrast=\"none\">, en Borgony\u00e0, Osona, donde <\/span><strong>han podido conocer de cerca el d\u00eda a d\u00eda de la multinacional<\/strong><span data-contrast=\"none\"> y disfrutar de una sesi\u00f3n formativa sobre competencias transversales.<\/span><span data-ccp-props=\"{&quot;134233117&quot;:false,&quot;134233118&quot;:false,&quot;201341983&quot;:0,&quot;335551550&quot;:6,&quot;335551620&quot;:6,&quot;335559685&quot;:0,&quot;335559737&quot;:0,&quot;335559738&quot;:0,&quot;335559739&quot;:160,&quot;335559740&quot;:257}\">\u00a0<\/span><\/p>\n<p><span data-contrast=\"none\">Lo explica la <\/span><strong>Jefa del <a href=\"https:\/\/www.fundacioimpulsa.org\/es\/impulsa-oportunitats\/\">Programa Impulsa Oportunidades Laborales<\/a>, Judit Sanchez<\/strong><span data-contrast=\"none\"><strong>:<\/strong> \u201cEl objetivo de la visita es que <\/span><strong>los j\u00f3venes,<\/strong><span data-contrast=\"none\"> gran parte de los cuales est\u00e1n estudiando o bien un Ciclo Formativo de Grado Medio o de Grado Superior relacionado en el \u00e1mbito industrial, <\/span><strong>puedan conocer en primera persona una planta de producci\u00f3n pionera en el \u00e1mbito cosm\u00e9tico como Quadpack<\/strong><span data-contrast=\"none\"><strong>,<\/strong> que fabrica y provee a nivel mundial soluciones de envasado para marcas de productos de belleza\u201d.<\/span><\/p>\n<p><span data-contrast=\"none\">La visita se ha iniciado con la <\/span><strong>bienvenida a cargo del <em>Chief Impact Officer <\/em>de Quadpack y presidente de Quadpack Foundation, <a href=\"https:\/\/www.fundacioimpulsa.org\/tenim-el-poder-de-canviar-la-societat-darribar-on-no-arriben-els-governs\/\">Tim Eaves<\/a><\/strong><b><span data-contrast=\"none\">,<\/span><\/b> <span data-contrast=\"none\">que <\/span><strong>ha explicado a los j\u00f3venes el origen de la multinacional, sus valores y su misi\u00f3n<\/strong><span data-contrast=\"none\"> y ha compartido inquietudes con los Impulseros. Lo explica el propio Eaves: \u201cRecibimos a los Impulsers en nuestra f\u00e1brica con mucha ilusi\u00f3n. <\/span><strong>Nos inspira ver c\u00f3mo escogen estudios relacionados con la industria, que tan necesitada est\u00e1 de talento joven. Son los profesionales del futuro,<\/strong><span data-contrast=\"none\"> que tienen un gran poder transformador, independientemente de su origen, historia personal o estudios\u201d, asegura. A continuaci\u00f3n, los j\u00f3venes han podido visitar la secci\u00f3n donde se hace la decoraci\u00f3n de los productos.<\/span><\/p>\n<p>&nbsp;<\/p>\n<p><img loading=\"lazy\" decoding=\"async\" class=\"alignnone wp-image-8817\" src=\"https:\/\/www.fundacioimpulsa.org\/wp-content\/uploads\/2023\/06\/WhatsApp-Image-2023-06-01-at-19.03.08-300x224.jpeg\" alt=\"\" width=\"725\" height=\"541\" srcset=\"https:\/\/www.fundacioimpulsa.org\/wp-content\/uploads\/2023\/06\/WhatsApp-Image-2023-06-01-at-19.03.08-300x224.jpeg 300w, https:\/\/www.fundacioimpulsa.org\/wp-content\/uploads\/2023\/06\/WhatsApp-Image-2023-06-01-at-19.03.08-1030x770.jpeg 1030w, https:\/\/www.fundacioimpulsa.org\/wp-content\/uploads\/2023\/06\/WhatsApp-Image-2023-06-01-at-19.03.08-768x574.jpeg 768w, https:\/\/www.fundacioimpulsa.org\/wp-content\/uploads\/2023\/06\/WhatsApp-Image-2023-06-01-at-19.03.08-1536x1148.jpeg 1536w, https:\/\/www.fundacioimpulsa.org\/wp-content\/uploads\/2023\/06\/WhatsApp-Image-2023-06-01-at-19.03.08-1500x1121.jpeg 1500w, https:\/\/www.fundacioimpulsa.org\/wp-content\/uploads\/2023\/06\/WhatsApp-Image-2023-06-01-at-19.03.08-705x527.jpeg 705w, https:\/\/www.fundacioimpulsa.org\/wp-content\/uploads\/2023\/06\/WhatsApp-Image-2023-06-01-at-19.03.08-709x530.jpeg 709w, https:\/\/www.fundacioimpulsa.org\/wp-content\/uploads\/2023\/06\/WhatsApp-Image-2023-06-01-at-19.03.08-282x211.jpeg 282w, https:\/\/www.fundacioimpulsa.org\/wp-content\/uploads\/2023\/06\/WhatsApp-Image-2023-06-01-at-19.03.08.jpeg 1600w\" sizes=\"auto, (max-width: 725px) 100vw, 725px\" \/><\/p>\n<p><span data-contrast=\"none\">Por \u00faltimo, los <\/span><strong>responsables de Quadpack<\/strong><span data-contrast=\"none\"> que han estado acompa\u00f1ando a los j\u00f3venes durante toda la visita, les <strong>han dado una <\/strong><\/span><strong>charla final poniendo en el centro la importancia de las competencias transversales<\/strong> <span data-contrast=\"none\">(las soft skills) <\/span><strong>en el d\u00eda a d\u00eda de una planta de producci\u00f3n<\/strong><span data-contrast=\"none\">, donde el trabajo en equipo, la comunicaci\u00f3n efectiva, la adaptaci\u00f3n al cambio y la disposici\u00f3n por el aprendizaje son aspectos clave para desarrollar una trayectoria profesional dentro de Quadpack. <\/span><strong>Se trata de competencias extrapolables a otros sectores industriales y\/o del mercado de trabajo<\/strong><span data-contrast=\"none\"><strong>,<\/strong> valora Sanchez: \u201cUn punto esencial es que <\/span><strong>los j\u00f3venes reciben este mensaje de forma directa y contrastada por personas en activo que forman parte de un sector profesional din\u00e1mico, creativo y ambicioso, y esto es muy enriquecedor para ellos<\/strong><span data-contrast=\"none\"><strong>\u201d<\/strong>.<\/span><\/p>\n<p><span data-contrast=\"none\">La actividad se enmarca dentro del <\/span><strong>Programa Impulsa Oportunidades Laborales<\/strong> <span data-contrast=\"none\">que <\/span><strong>busca, a trav\u00e9s de itinerarios de orientaci\u00f3n sociolaboral, formaciones en competencias profesionales y visitas a empresas acercar a los j\u00f3venes la realidad del mercado laboral<\/strong><span data-contrast=\"none\">, as\u00ed como dotarlos de herramientas y recursos para seguro desarrollo su profesionalizaci\u00f3n. En este sentido, <\/span><strong>la visita y la charla a cargo de Quadpack tambi\u00e9n forman parte del <a href=\"https:\/\/www.fundacioimpulsa.org\/es\/empreses\/\">Programa de Voluntariado Corporativo<\/a> que la Fundaci\u00f3n Impulsa ofrece a las Organizaciones Impulsoras en el desarrollo de su RSC.\u00a0<\/strong><\/p>\n","protected":false},"excerpt":{"rendered":"<p>Por tercer a\u00f1o consecutivo, la Organizaci\u00f3n Impulsora Quadpack ha vuelto a abrir sus puertas a los j\u00f3venes de la Fundaci\u00f3n Impulsa, y por primera vez esta vez ha estado en la planta de Quadpack Wood, en Borgony\u00e0, Osona, donde han podido conocer de cerca el d\u00eda a d\u00eda de la multinacional y disfrutar de una [&hellip;]<\/p>\n","protected":false},"author":6,"featured_media":8816,"comment_status":"closed","ping_status":"closed","sticky":false,"template":"","format":"standard","meta":{"_acf_changed":false,"footnotes":""},"categories":[76,52],"tags":[112,117],"class_list":["post-8821","post","type-post","status-publish","format-standard","has-post-thumbnail","hentry","category-noticies-es","category-sin-categorizar","tag-orientacionlaboral","tag-orientaciolaboral-es"],"acf":[],"yoast_head":"<!-- This site is optimized with the Yoast SEO plugin v27.5 - https:\/\/yoast.com\/product\/yoast-seo-wordpress\/ -->\n<title>J\u00f3venes de la Fundaci\u00f3n Impulsa visitan por tercer a\u00f1o consecutivo la Organizaci\u00f3n Impulsora Quadpack para conocer de primera mano la realidad del mundo laboral - Fundacio Impulsa<\/title>\n<meta name=\"robots\" content=\"index, follow, max-snippet:-1, max-image-preview:large, max-video-preview:-1\" \/>\n<link rel=\"canonical\" href=\"https:\/\/www.fundacioimpulsa.org\/es\/joves-de-la-fundacio-impulsa-visiten-per-tercer-any-consecutiu-lorganitzacio-impulsora-quadpack-per-coneixer-de-primera-ma-la-realitat-del-mon-laboral\/\" \/>\n<meta property=\"og:locale\" content=\"es_ES\" \/>\n<meta property=\"og:type\" content=\"article\" \/>\n<meta property=\"og:title\" content=\"J\u00f3venes de la Fundaci\u00f3n Impulsa visitan por tercer a\u00f1o consecutivo la Organizaci\u00f3n Impulsora Quadpack para conocer de primera mano la realidad del mundo laboral - Fundacio Impulsa\" \/>\n<meta property=\"og:description\" content=\"Por tercer a\u00f1o consecutivo, la Organizaci\u00f3n Impulsora Quadpack ha vuelto a abrir sus puertas a los j\u00f3venes de la Fundaci\u00f3n Impulsa, y por primera vez esta vez ha estado en la planta de Quadpack Wood, en Borgony\u00e0, Osona, donde han podido conocer de cerca el d\u00eda a d\u00eda de la multinacional y disfrutar de una [&hellip;]\" \/>\n<meta property=\"og:url\" content=\"https:\/\/www.fundacioimpulsa.org\/es\/joves-de-la-fundacio-impulsa-visiten-per-tercer-any-consecutiu-lorganitzacio-impulsora-quadpack-per-coneixer-de-primera-ma-la-realitat-del-mon-laboral\/\" \/>\n<meta property=\"og:site_name\" content=\"Fundacio Impulsa\" \/>\n<meta property=\"article:published_time\" content=\"2023-06-02T07:33:19+00:00\" \/>\n<meta property=\"article:modified_time\" content=\"2023-06-04T17:38:56+00:00\" \/>\n<meta property=\"og:image\" content=\"https:\/\/www.fundacioimpulsa.org\/wp-content\/uploads\/2023\/06\/WhatsApp-Image-2023-06-01-at-19.02.34.jpeg\" \/>\n\t<meta property=\"og:image:width\" content=\"1600\" \/>\n\t<meta property=\"og:image:height\" content=\"1205\" \/>\n\t<meta property=\"og:image:type\" content=\"image\/jpeg\" \/>\n<meta name=\"author\" content=\"comunicacio\" \/>\n<meta name=\"twitter:card\" content=\"summary_large_image\" \/>\n<meta name=\"twitter:label1\" content=\"Escrito por\" \/>\n\t<meta name=\"twitter:data1\" content=\"comunicacio\" \/>\n\t<meta name=\"twitter:label2\" content=\"Tiempo de lectura\" \/>\n\t<meta name=\"twitter:data2\" content=\"3 minutos\" \/>\n<script type=\"application\/ld+json\" class=\"yoast-schema-graph\">{\"@context\":\"https:\\\/\\\/schema.org\",\"@graph\":[{\"@type\":\"Article\",\"@id\":\"https:\\\/\\\/www.fundacioimpulsa.org\\\/es\\\/joves-de-la-fundacio-impulsa-visiten-per-tercer-any-consecutiu-lorganitzacio-impulsora-quadpack-per-coneixer-de-primera-ma-la-realitat-del-mon-laboral\\\/#article\",\"isPartOf\":{\"@id\":\"https:\\\/\\\/www.fundacioimpulsa.org\\\/es\\\/joves-de-la-fundacio-impulsa-visiten-per-tercer-any-consecutiu-lorganitzacio-impulsora-quadpack-per-coneixer-de-primera-ma-la-realitat-del-mon-laboral\\\/\"},\"author\":{\"name\":\"comunicacio\",\"@id\":\"https:\\\/\\\/www.fundacioimpulsa.org\\\/es\\\/#\\\/schema\\\/person\\\/8e5d127d58d49b0b3a374d763db6672b\"},\"headline\":\"J\u00f3venes de la Fundaci\u00f3n Impulsa visitan por tercer a\u00f1o consecutivo la Organizaci\u00f3n Impulsora Quadpack para conocer de primera mano la realidad del mundo laboral\",\"datePublished\":\"2023-06-02T07:33:19+00:00\",\"dateModified\":\"2023-06-04T17:38:56+00:00\",\"mainEntityOfPage\":{\"@id\":\"https:\\\/\\\/www.fundacioimpulsa.org\\\/es\\\/joves-de-la-fundacio-impulsa-visiten-per-tercer-any-consecutiu-lorganitzacio-impulsora-quadpack-per-coneixer-de-primera-ma-la-realitat-del-mon-laboral\\\/\"},\"wordCount\":528,\"image\":{\"@id\":\"https:\\\/\\\/www.fundacioimpulsa.org\\\/es\\\/joves-de-la-fundacio-impulsa-visiten-per-tercer-any-consecutiu-lorganitzacio-impulsora-quadpack-per-coneixer-de-primera-ma-la-realitat-del-mon-laboral\\\/#primaryimage\"},\"thumbnailUrl\":\"https:\\\/\\\/www.fundacioimpulsa.org\\\/wp-content\\\/uploads\\\/2023\\\/06\\\/WhatsApp-Image-2023-06-01-at-19.02.34.jpeg\",\"keywords\":[\"#Orientaci\u00f3nLaboral\",\"#Orientaci\u00f3nLaboral\"],\"articleSection\":[\"Noticias\",\"Sin categorizar\"],\"inLanguage\":\"es\"},{\"@type\":\"WebPage\",\"@id\":\"https:\\\/\\\/www.fundacioimpulsa.org\\\/es\\\/joves-de-la-fundacio-impulsa-visiten-per-tercer-any-consecutiu-lorganitzacio-impulsora-quadpack-per-coneixer-de-primera-ma-la-realitat-del-mon-laboral\\\/\",\"url\":\"https:\\\/\\\/www.fundacioimpulsa.org\\\/es\\\/joves-de-la-fundacio-impulsa-visiten-per-tercer-any-consecutiu-lorganitzacio-impulsora-quadpack-per-coneixer-de-primera-ma-la-realitat-del-mon-laboral\\\/\",\"name\":\"J\u00f3venes de la Fundaci\u00f3n Impulsa visitan por tercer a\u00f1o consecutivo la Organizaci\u00f3n Impulsora Quadpack para conocer de primera mano la realidad del mundo laboral - Fundacio Impulsa\",\"isPartOf\":{\"@id\":\"https:\\\/\\\/www.fundacioimpulsa.org\\\/es\\\/#website\"},\"primaryImageOfPage\":{\"@id\":\"https:\\\/\\\/www.fundacioimpulsa.org\\\/es\\\/joves-de-la-fundacio-impulsa-visiten-per-tercer-any-consecutiu-lorganitzacio-impulsora-quadpack-per-coneixer-de-primera-ma-la-realitat-del-mon-laboral\\\/#primaryimage\"},\"image\":{\"@id\":\"https:\\\/\\\/www.fundacioimpulsa.org\\\/es\\\/joves-de-la-fundacio-impulsa-visiten-per-tercer-any-consecutiu-lorganitzacio-impulsora-quadpack-per-coneixer-de-primera-ma-la-realitat-del-mon-laboral\\\/#primaryimage\"},\"thumbnailUrl\":\"https:\\\/\\\/www.fundacioimpulsa.org\\\/wp-content\\\/uploads\\\/2023\\\/06\\\/WhatsApp-Image-2023-06-01-at-19.02.34.jpeg\",\"datePublished\":\"2023-06-02T07:33:19+00:00\",\"dateModified\":\"2023-06-04T17:38:56+00:00\",\"author\":{\"@id\":\"https:\\\/\\\/www.fundacioimpulsa.org\\\/es\\\/#\\\/schema\\\/person\\\/8e5d127d58d49b0b3a374d763db6672b\"},\"breadcrumb\":{\"@id\":\"https:\\\/\\\/www.fundacioimpulsa.org\\\/es\\\/joves-de-la-fundacio-impulsa-visiten-per-tercer-any-consecutiu-lorganitzacio-impulsora-quadpack-per-coneixer-de-primera-ma-la-realitat-del-mon-laboral\\\/#breadcrumb\"},\"inLanguage\":\"es\",\"potentialAction\":[{\"@type\":\"ReadAction\",\"target\":[\"https:\\\/\\\/www.fundacioimpulsa.org\\\/es\\\/joves-de-la-fundacio-impulsa-visiten-per-tercer-any-consecutiu-lorganitzacio-impulsora-quadpack-per-coneixer-de-primera-ma-la-realitat-del-mon-laboral\\\/\"]}]},{\"@type\":\"ImageObject\",\"inLanguage\":\"es\",\"@id\":\"https:\\\/\\\/www.fundacioimpulsa.org\\\/es\\\/joves-de-la-fundacio-impulsa-visiten-per-tercer-any-consecutiu-lorganitzacio-impulsora-quadpack-per-coneixer-de-primera-ma-la-realitat-del-mon-laboral\\\/#primaryimage\",\"url\":\"https:\\\/\\\/www.fundacioimpulsa.org\\\/wp-content\\\/uploads\\\/2023\\\/06\\\/WhatsApp-Image-2023-06-01-at-19.02.34.jpeg\",\"contentUrl\":\"https:\\\/\\\/www.fundacioimpulsa.org\\\/wp-content\\\/uploads\\\/2023\\\/06\\\/WhatsApp-Image-2023-06-01-at-19.02.34.jpeg\",\"width\":1600,\"height\":1205},{\"@type\":\"BreadcrumbList\",\"@id\":\"https:\\\/\\\/www.fundacioimpulsa.org\\\/es\\\/joves-de-la-fundacio-impulsa-visiten-per-tercer-any-consecutiu-lorganitzacio-impulsora-quadpack-per-coneixer-de-primera-ma-la-realitat-del-mon-laboral\\\/#breadcrumb\",\"itemListElement\":[{\"@type\":\"ListItem\",\"position\":1,\"name\":\"Inici\",\"item\":\"https:\\\/\\\/www.fundacioimpulsa.org\\\/es\\\/fundacio-impulsa\\\/\"},{\"@type\":\"ListItem\",\"position\":2,\"name\":\"J\u00f3venes de la Fundaci\u00f3n Impulsa visitan por tercer a\u00f1o consecutivo la Organizaci\u00f3n Impulsora Quadpack para conocer de primera mano la realidad del mundo laboral\"}]},{\"@type\":\"WebSite\",\"@id\":\"https:\\\/\\\/www.fundacioimpulsa.org\\\/es\\\/#website\",\"url\":\"https:\\\/\\\/www.fundacioimpulsa.org\\\/es\\\/\",\"name\":\"Fundacio Impulsa\",\"description\":\"\",\"potentialAction\":[{\"@type\":\"SearchAction\",\"target\":{\"@type\":\"EntryPoint\",\"urlTemplate\":\"https:\\\/\\\/www.fundacioimpulsa.org\\\/es\\\/?s={search_term_string}\"},\"query-input\":{\"@type\":\"PropertyValueSpecification\",\"valueRequired\":true,\"valueName\":\"search_term_string\"}}],\"inLanguage\":\"es\"},{\"@type\":\"Person\",\"@id\":\"https:\\\/\\\/www.fundacioimpulsa.org\\\/es\\\/#\\\/schema\\\/person\\\/8e5d127d58d49b0b3a374d763db6672b\",\"name\":\"comunicacio\",\"image\":{\"@type\":\"ImageObject\",\"inLanguage\":\"es\",\"@id\":\"https:\\\/\\\/secure.gravatar.com\\\/avatar\\\/179d9804721934af904d6831ff1a982684d2987826415ba17246a2fefb582344?s=96&d=mm&r=g\",\"url\":\"https:\\\/\\\/secure.gravatar.com\\\/avatar\\\/179d9804721934af904d6831ff1a982684d2987826415ba17246a2fefb582344?s=96&d=mm&r=g\",\"contentUrl\":\"https:\\\/\\\/secure.gravatar.com\\\/avatar\\\/179d9804721934af904d6831ff1a982684d2987826415ba17246a2fefb582344?s=96&d=mm&r=g\",\"caption\":\"comunicacio\"},\"url\":\"https:\\\/\\\/www.fundacioimpulsa.org\\\/es\\\/author\\\/comunicacio\\\/\"}]}<\/script>\n<!-- \/ Yoast SEO plugin. -->","yoast_head_json":{"title":"J\u00f3venes de la Fundaci\u00f3n Impulsa visitan por tercer a\u00f1o consecutivo la Organizaci\u00f3n Impulsora Quadpack para conocer de primera mano la realidad del mundo laboral - Fundacio Impulsa","robots":{"index":"index","follow":"follow","max-snippet":"max-snippet:-1","max-image-preview":"max-image-preview:large","max-video-preview":"max-video-preview:-1"},"canonical":"https:\/\/www.fundacioimpulsa.org\/es\/joves-de-la-fundacio-impulsa-visiten-per-tercer-any-consecutiu-lorganitzacio-impulsora-quadpack-per-coneixer-de-primera-ma-la-realitat-del-mon-laboral\/","og_locale":"es_ES","og_type":"article","og_title":"J\u00f3venes de la Fundaci\u00f3n Impulsa visitan por tercer a\u00f1o consecutivo la Organizaci\u00f3n Impulsora Quadpack para conocer de primera mano la realidad del mundo laboral - Fundacio Impulsa","og_description":"Por tercer a\u00f1o consecutivo, la Organizaci\u00f3n Impulsora Quadpack ha vuelto a abrir sus puertas a los j\u00f3venes de la Fundaci\u00f3n Impulsa, y por primera vez esta vez ha estado en la planta de Quadpack Wood, en Borgony\u00e0, Osona, donde han podido conocer de cerca el d\u00eda a d\u00eda de la multinacional y disfrutar de una [&hellip;]","og_url":"https:\/\/www.fundacioimpulsa.org\/es\/joves-de-la-fundacio-impulsa-visiten-per-tercer-any-consecutiu-lorganitzacio-impulsora-quadpack-per-coneixer-de-primera-ma-la-realitat-del-mon-laboral\/","og_site_name":"Fundacio Impulsa","article_published_time":"2023-06-02T07:33:19+00:00","article_modified_time":"2023-06-04T17:38:56+00:00","og_image":[{"width":1600,"height":1205,"url":"https:\/\/www.fundacioimpulsa.org\/wp-content\/uploads\/2023\/06\/WhatsApp-Image-2023-06-01-at-19.02.34.jpeg","type":"image\/jpeg"}],"author":"comunicacio","twitter_card":"summary_large_image","twitter_misc":{"Escrito por":"comunicacio","Tiempo de lectura":"3 minutos"},"schema":{"@context":"https:\/\/schema.org","@graph":[{"@type":"Article","@id":"https:\/\/www.fundacioimpulsa.org\/es\/joves-de-la-fundacio-impulsa-visiten-per-tercer-any-consecutiu-lorganitzacio-impulsora-quadpack-per-coneixer-de-primera-ma-la-realitat-del-mon-laboral\/#article","isPartOf":{"@id":"https:\/\/www.fundacioimpulsa.org\/es\/joves-de-la-fundacio-impulsa-visiten-per-tercer-any-consecutiu-lorganitzacio-impulsora-quadpack-per-coneixer-de-primera-ma-la-realitat-del-mon-laboral\/"},"author":{"name":"comunicacio","@id":"https:\/\/www.fundacioimpulsa.org\/es\/#\/schema\/person\/8e5d127d58d49b0b3a374d763db6672b"},"headline":"J\u00f3venes de la Fundaci\u00f3n Impulsa visitan por tercer a\u00f1o consecutivo la Organizaci\u00f3n Impulsora Quadpack para conocer de primera mano la realidad del mundo laboral","datePublished":"2023-06-02T07:33:19+00:00","dateModified":"2023-06-04T17:38:56+00:00","mainEntityOfPage":{"@id":"https:\/\/www.fundacioimpulsa.org\/es\/joves-de-la-fundacio-impulsa-visiten-per-tercer-any-consecutiu-lorganitzacio-impulsora-quadpack-per-coneixer-de-primera-ma-la-realitat-del-mon-laboral\/"},"wordCount":528,"image":{"@id":"https:\/\/www.fundacioimpulsa.org\/es\/joves-de-la-fundacio-impulsa-visiten-per-tercer-any-consecutiu-lorganitzacio-impulsora-quadpack-per-coneixer-de-primera-ma-la-realitat-del-mon-laboral\/#primaryimage"},"thumbnailUrl":"https:\/\/www.fundacioimpulsa.org\/wp-content\/uploads\/2023\/06\/WhatsApp-Image-2023-06-01-at-19.02.34.jpeg","keywords":["#Orientaci\u00f3nLaboral","#Orientaci\u00f3nLaboral"],"articleSection":["Noticias","Sin categorizar"],"inLanguage":"es"},{"@type":"WebPage","@id":"https:\/\/www.fundacioimpulsa.org\/es\/joves-de-la-fundacio-impulsa-visiten-per-tercer-any-consecutiu-lorganitzacio-impulsora-quadpack-per-coneixer-de-primera-ma-la-realitat-del-mon-laboral\/","url":"https:\/\/www.fundacioimpulsa.org\/es\/joves-de-la-fundacio-impulsa-visiten-per-tercer-any-consecutiu-lorganitzacio-impulsora-quadpack-per-coneixer-de-primera-ma-la-realitat-del-mon-laboral\/","name":"J\u00f3venes de la Fundaci\u00f3n Impulsa visitan por tercer a\u00f1o consecutivo la Organizaci\u00f3n Impulsora Quadpack para conocer de primera mano la realidad del mundo laboral - Fundacio Impulsa","isPartOf":{"@id":"https:\/\/www.fundacioimpulsa.org\/es\/#website"},"primaryImageOfPage":{"@id":"https:\/\/www.fundacioimpulsa.org\/es\/joves-de-la-fundacio-impulsa-visiten-per-tercer-any-consecutiu-lorganitzacio-impulsora-quadpack-per-coneixer-de-primera-ma-la-realitat-del-mon-laboral\/#primaryimage"},"image":{"@id":"https:\/\/www.fundacioimpulsa.org\/es\/joves-de-la-fundacio-impulsa-visiten-per-tercer-any-consecutiu-lorganitzacio-impulsora-quadpack-per-coneixer-de-primera-ma-la-realitat-del-mon-laboral\/#primaryimage"},"thumbnailUrl":"https:\/\/www.fundacioimpulsa.org\/wp-content\/uploads\/2023\/06\/WhatsApp-Image-2023-06-01-at-19.02.34.jpeg","datePublished":"2023-06-02T07:33:19+00:00","dateModified":"2023-06-04T17:38:56+00:00","author":{"@id":"https:\/\/www.fundacioimpulsa.org\/es\/#\/schema\/person\/8e5d127d58d49b0b3a374d763db6672b"},"breadcrumb":{"@id":"https:\/\/www.fundacioimpulsa.org\/es\/joves-de-la-fundacio-impulsa-visiten-per-tercer-any-consecutiu-lorganitzacio-impulsora-quadpack-per-coneixer-de-primera-ma-la-realitat-del-mon-laboral\/#breadcrumb"},"inLanguage":"es","potentialAction":[{"@type":"ReadAction","target":["https:\/\/www.fundacioimpulsa.org\/es\/joves-de-la-fundacio-impulsa-visiten-per-tercer-any-consecutiu-lorganitzacio-impulsora-quadpack-per-coneixer-de-primera-ma-la-realitat-del-mon-laboral\/"]}]},{"@type":"ImageObject","inLanguage":"es","@id":"https:\/\/www.fundacioimpulsa.org\/es\/joves-de-la-fundacio-impulsa-visiten-per-tercer-any-consecutiu-lorganitzacio-impulsora-quadpack-per-coneixer-de-primera-ma-la-realitat-del-mon-laboral\/#primaryimage","url":"https:\/\/www.fundacioimpulsa.org\/wp-content\/uploads\/2023\/06\/WhatsApp-Image-2023-06-01-at-19.02.34.jpeg","contentUrl":"https:\/\/www.fundacioimpulsa.org\/wp-content\/uploads\/2023\/06\/WhatsApp-Image-2023-06-01-at-19.02.34.jpeg","width":1600,"height":1205},{"@type":"BreadcrumbList","@id":"https:\/\/www.fundacioimpulsa.org\/es\/joves-de-la-fundacio-impulsa-visiten-per-tercer-any-consecutiu-lorganitzacio-impulsora-quadpack-per-coneixer-de-primera-ma-la-realitat-del-mon-laboral\/#breadcrumb","itemListElement":[{"@type":"ListItem","position":1,"name":"Inici","item":"https:\/\/www.fundacioimpulsa.org\/es\/fundacio-impulsa\/"},{"@type":"ListItem","position":2,"name":"J\u00f3venes de la Fundaci\u00f3n Impulsa visitan por tercer a\u00f1o consecutivo la Organizaci\u00f3n Impulsora Quadpack para conocer de primera mano la realidad del mundo laboral"}]},{"@type":"WebSite","@id":"https:\/\/www.fundacioimpulsa.org\/es\/#website","url":"https:\/\/www.fundacioimpulsa.org\/es\/","name":"Fundacio Impulsa","description":"","potentialAction":[{"@type":"SearchAction","target":{"@type":"EntryPoint","urlTemplate":"https:\/\/www.fundacioimpulsa.org\/es\/?s={search_term_string}"},"query-input":{"@type":"PropertyValueSpecification","valueRequired":true,"valueName":"search_term_string"}}],"inLanguage":"es"},{"@type":"Person","@id":"https:\/\/www.fundacioimpulsa.org\/es\/#\/schema\/person\/8e5d127d58d49b0b3a374d763db6672b","name":"comunicacio","image":{"@type":"ImageObject","inLanguage":"es","@id":"https:\/\/secure.gravatar.com\/avatar\/179d9804721934af904d6831ff1a982684d2987826415ba17246a2fefb582344?s=96&d=mm&r=g","url":"https:\/\/secure.gravatar.com\/avatar\/179d9804721934af904d6831ff1a982684d2987826415ba17246a2fefb582344?s=96&d=mm&r=g","contentUrl":"https:\/\/secure.gravatar.com\/avatar\/179d9804721934af904d6831ff1a982684d2987826415ba17246a2fefb582344?s=96&d=mm&r=g","caption":"comunicacio"},"url":"https:\/\/www.fundacioimpulsa.org\/es\/author\/comunicacio\/"}]}},"publishpress_future_action":{"enabled":false,"date":"2026-05-08 04:14:40","action":"change-status","newStatus":"draft","terms":[],"taxonomy":"category","extraData":[]},"publishpress_future_workflow_manual_trigger":{"enabledWorkflows":[]},"_links":{"self":[{"href":"https:\/\/www.fundacioimpulsa.org\/es\/wp-json\/wp\/v2\/posts\/8821","targetHints":{"allow":["GET"]}}],"collection":[{"href":"https:\/\/www.fundacioimpulsa.org\/es\/wp-json\/wp\/v2\/posts"}],"about":[{"href":"https:\/\/www.fundacioimpulsa.org\/es\/wp-json\/wp\/v2\/types\/post"}],"author":[{"embeddable":true,"href":"https:\/\/www.fundacioimpulsa.org\/es\/wp-json\/wp\/v2\/users\/6"}],"replies":[{"embeddable":true,"href":"https:\/\/www.fundacioimpulsa.org\/es\/wp-json\/wp\/v2\/comments?post=8821"}],"version-history":[{"count":5,"href":"https:\/\/www.fundacioimpulsa.org\/es\/wp-json\/wp\/v2\/posts\/8821\/revisions"}],"predecessor-version":[{"id":8824,"href":"https:\/\/www.fundacioimpulsa.org\/es\/wp-json\/wp\/v2\/posts\/8821\/revisions\/8824"}],"wp:featuredmedia":[{"embeddable":true,"href":"https:\/\/www.fundacioimpulsa.org\/es\/wp-json\/wp\/v2\/media\/8816"}],"wp:attachment":[{"href":"https:\/\/www.fundacioimpulsa.org\/es\/wp-json\/wp\/v2\/media?parent=8821"}],"wp:term":[{"taxonomy":"category","embeddable":true,"href":"https:\/\/www.fundacioimpulsa.org\/es\/wp-json\/wp\/v2\/categories?post=8821"},{"taxonomy":"post_tag","embeddable":true,"href":"https:\/\/www.fundacioimpulsa.org\/es\/wp-json\/wp\/v2\/tags?post=8821"}],"curies":[{"name":"wp","href":"https:\/\/api.w.org\/{rel}","templated":true}]}}