{"id":9098,"date":"2023-07-19T07:00:15","date_gmt":"2023-07-19T05:00:15","guid":{"rendered":"https:\/\/www.fundacioimpulsa.org\/?p=9098"},"modified":"2023-07-18T14:13:58","modified_gmt":"2023-07-18T12:13:58","slug":"amb-cinquanta-anys-dos-fills-sense-gairebe-atur-i-amb-3-000-euros-a-la-butxaca","status":"publish","type":"post","link":"https:\/\/www.fundacioimpulsa.org\/es\/amb-cinquanta-anys-dos-fills-sense-gairebe-atur-i-amb-3-000-euros-a-la-butxaca\/","title":{"rendered":"\u00abCon cincuenta a\u00f1os, dos hijos, sin apenas paro y con 3.000 euros en el bolsillo, pero con el apoyo familiar, empiezo la aventura empresarial de Constantiagrup\u00bb"},"content":{"rendered":"<p><img loading=\"lazy\" decoding=\"async\" class=\"alignnone wp-image-9093\" src=\"https:\/\/www.fundacioimpulsa.org\/wp-content\/uploads\/2023\/07\/Gabriel-Cid-300x192.jpeg\" alt=\"\" width=\"725\" height=\"464\" srcset=\"https:\/\/www.fundacioimpulsa.org\/wp-content\/uploads\/2023\/07\/Gabriel-Cid-300x192.jpeg 300w, https:\/\/www.fundacioimpulsa.org\/wp-content\/uploads\/2023\/07\/Gabriel-Cid-1030x658.jpeg 1030w, https:\/\/www.fundacioimpulsa.org\/wp-content\/uploads\/2023\/07\/Gabriel-Cid-768x491.jpeg 768w, https:\/\/www.fundacioimpulsa.org\/wp-content\/uploads\/2023\/07\/Gabriel-Cid-705x450.jpeg 705w, https:\/\/www.fundacioimpulsa.org\/wp-content\/uploads\/2023\/07\/Gabriel-Cid-830x530.jpeg 830w, https:\/\/www.fundacioimpulsa.org\/wp-content\/uploads\/2023\/07\/Gabriel-Cid-315x201.jpeg 315w, https:\/\/www.fundacioimpulsa.org\/wp-content\/uploads\/2023\/07\/Gabriel-Cid.jpeg 1080w\" sizes=\"auto, (max-width: 725px) 100vw, 725px\" \/><\/p>\n<p><a href=\"#\"><span data-contrast=\"none\">#ProtagonistaImpulsa<\/span>\u00a0<\/a><\/p>\n<p><strong>Gabriel Cid<\/strong><br \/>\n<strong>CEO de Constantiagrup<\/strong><\/p>\n<p><strong>Gabriel Cid es el CEO de Constantiagrup, Organizaci\u00f3n Impulsora de la Fundaci\u00f3n Impulsa que se dedica a la venta, distribuci\u00f3n y asesoramiento de materiales auxiliares para la industria alimentaria (bolsas, envasado al vac\u00edo\u2026) y equipos de protecci\u00f3n individual (EPI).\u00a0<\/strong><\/p>\n<p><strong>Se trata de una empresa familiar que nace en 2006 de la mano de su actual CEO, hijo de comerciante de barrio, que desde peque\u00f1o ha vivido el comercio y el trato personal con sus clientes, y ha desarrollado su carrera profesional en diferentes empresas. A los cincuenta a\u00f1os decide dejar el trabajo e impulsar un proyecto propio del que hoy se siente muy satisfecho y que actualmente cuenta tambi\u00e9n con una tienda abierta al p\u00fablico en Mercabarna.\u00a0<\/strong><\/p>\n<ul>\n<li data-leveltext=\"\uf0b7\" data-font=\"Symbol\" data-listid=\"1\" data-list-defn-props=\"{&quot;335552541&quot;:1,&quot;335559684&quot;:-2,&quot;335559685&quot;:720,&quot;335559991&quot;:360,&quot;469769226&quot;:&quot;Symbol&quot;,&quot;469769242&quot;:[8226],&quot;469777803&quot;:&quot;left&quot;,&quot;469777804&quot;:&quot;\uf0b7&quot;,&quot;469777815&quot;:&quot;multilevel&quot;}\" aria-setsize=\"-1\" data-aria-posinset=\"1\" data-aria-level=\"1\">\n<h5><strong>\u00bfQu\u00e9 te llev\u00f3 a aventurarte a crear Constantiagrup?\u00a0<\/strong><\/h5>\n<\/li>\n<\/ul>\n<p><span data-contrast=\"none\">Los \u00faltimos treinta a\u00f1os de mi vida laboral los paso trabajando en dos grandes empresas de embalaje, y lleg\u00f3 un momento en el que vi que necesitaba un cambio de aires y dejar de tener la presi\u00f3n que se tiene cuando se trabaja para grandes multinacionales. Decido cambiar de sector y <\/span><strong>con cincuenta a\u00f1os, dos hijos, sin apenas paro y con 3.000 euros en el bolsillo, pero con el apoyo familiar, empiezo la aventura empresarial de Constantiagrup.\u00a0<\/strong><\/p>\n<blockquote>\n<h4><strong>\u00abVi que necesitaba un cambio de aires y dejar de tener la presi\u00f3n que se tiene cuando se trabaja para grandes multinacionales\u00bb\u00a0<\/strong><\/h4>\n<\/blockquote>\n<ul>\n<li data-leveltext=\"\uf0b7\" data-font=\"Symbol\" data-listid=\"2\" data-list-defn-props=\"{&quot;335552541&quot;:1,&quot;335559684&quot;:-2,&quot;335559685&quot;:720,&quot;335559991&quot;:360,&quot;469769226&quot;:&quot;Symbol&quot;,&quot;469769242&quot;:[8226],&quot;469777803&quot;:&quot;left&quot;,&quot;469777804&quot;:&quot;\uf0b7&quot;,&quot;469777815&quot;:&quot;multilevel&quot;}\" aria-setsize=\"-1\" data-aria-posinset=\"2\" data-aria-level=\"1\">\n<h5><strong>\u00bfEst\u00e1s orgulloso de la decisi\u00f3n tomada?\u00a0<\/strong><\/h5>\n<\/li>\n<\/ul>\n<p><strong>Totalmente; me cambi\u00f3 por completo la vida<\/strong><span data-contrast=\"none\"><strong>.<\/strong> La experiencia de haber trabajado en otras empresas me aport\u00f3 cosas buenas y malas, y eso me sirvi\u00f3 para crear Constantiagrup. Lo que no me hab\u00eda gustado lo cambi\u00e9 para que quien trabajara conmigo no tuviera que pasar por lo que hab\u00eda tenido que pasar yo, y lo bueno tambi\u00e9n lo utilic\u00e9 para que todo funcionara. Me enorgullece decir que, si una persona se marcha ahora de la empresa para hacer un cambio profesional, lo hace llorando, porque se va de su casa. <\/span><strong>Ahora Constantiagrup est\u00e1 donde yo hab\u00eda so\u00f1ado que estuviera: es una empresa peque\u00f1ita que da un servicio y que me hace estar muy orgulloso.<\/strong> <span data-contrast=\"none\">Est\u00e1 donde debe estar: fuerte, estabilizada y con unos clientes que conf\u00edan en nosotros hasta el punto de que nos consideran como colaboradores y no proveedores.<\/span><span data-ccp-props=\"{&quot;134233117&quot;:true,&quot;134233118&quot;:true,&quot;201341983&quot;:0,&quot;335559739&quot;:160,&quot;335559740&quot;:240}\">\u00a0<\/span><\/p>\n<ul>\n<li data-leveltext=\"\uf0b7\" data-font=\"Symbol\" data-listid=\"3\" data-list-defn-props=\"{&quot;335552541&quot;:1,&quot;335559684&quot;:-2,&quot;335559685&quot;:720,&quot;335559991&quot;:360,&quot;469769226&quot;:&quot;Symbol&quot;,&quot;469769242&quot;:[8226],&quot;469777803&quot;:&quot;left&quot;,&quot;469777804&quot;:&quot;\uf0b7&quot;,&quot;469777815&quot;:&quot;multilevel&quot;}\" aria-setsize=\"-1\" data-aria-posinset=\"1\" data-aria-level=\"1\">\n<h5><strong>\u00bfCu\u00e1les crees que han sido los ingredientes que te han acompa\u00f1ado a realizar este camino?\u00a0<\/strong><\/h5>\n<\/li>\n<\/ul>\n<p><strong>He mamado comercio y esto me ha tra\u00eddo una serie de valores<\/strong> <span data-contrast=\"none\">que me han sido \u00fatiles para salir adelante con lo que cre\u00eda. Trabajar debe hacerlo todo el mundo, a menos que se venga de familia rica. Sin embargo, poder trabajar de lo que te gusta es un privilegio, porque entonces puedes dar el 100% de ti y lo disfrutas mucho. <\/span><strong>Para m\u00ed es imprescindible el esfuerzo<\/strong><b><span data-contrast=\"none\">,<\/span><\/b><span data-contrast=\"none\"> porque por muy bien preparado que est\u00e9s, por muy inteligente o bueno que seas haciendo algo, <\/span><strong>sin esfuerzo no se llega a ninguna parte<\/strong><span data-contrast=\"none\">. Es importante <\/span><strong>tener formaci\u00f3n<\/strong><span data-contrast=\"none\">, porque te sirve para tener unos conocimientos, pero lo primero son <\/span><strong>las ganas<\/strong><span data-contrast=\"none\">, el esfuerzo y <\/span><strong>la constancia<\/strong><span data-contrast=\"none\">, por eso <\/span><strong>es importante tambi\u00e9n la formaci\u00f3n en competencias transversales.<\/strong><span data-ccp-props=\"{&quot;134233117&quot;:true,&quot;134233118&quot;:true,&quot;201341983&quot;:0,&quot;335559739&quot;:160,&quot;335559740&quot;:240}\">\u00a0<\/span><\/p>\n<p><span data-ccp-props=\"{&quot;134233117&quot;:true,&quot;134233118&quot;:true,&quot;201341983&quot;:0,&quot;335559739&quot;:160,&quot;335559740&quot;:240}\">\u00a0<\/span><\/p>\n<blockquote>\n<h4><strong>\u00abTrabajar de lo que te gusta es un privilegio, porque entonces puedes dar el 100% de ti y lo disfrutas mucho\u00bb\u00a0<\/strong><\/h4>\n<\/blockquote>\n<p><span data-ccp-props=\"{&quot;134233117&quot;:true,&quot;134233118&quot;:true,&quot;201341983&quot;:0,&quot;335559739&quot;:160,&quot;335559740&quot;:240}\">\u00a0<\/span><\/p>\n<ul>\n<li data-leveltext=\"\uf0b7\" data-font=\"Symbol\" data-listid=\"4\" data-list-defn-props=\"{&quot;335552541&quot;:1,&quot;335559684&quot;:-2,&quot;335559685&quot;:720,&quot;335559991&quot;:360,&quot;469769226&quot;:&quot;Symbol&quot;,&quot;469769242&quot;:[8226],&quot;469777803&quot;:&quot;left&quot;,&quot;469777804&quot;:&quot;\uf0b7&quot;,&quot;469777815&quot;:&quot;multilevel&quot;}\" aria-setsize=\"-1\" data-aria-posinset=\"2\" data-aria-level=\"1\">\n<h5><strong>\u00bfEl nombre de la empresa tiene que ver con estos valores?\u00a0<\/strong><\/h5>\n<\/li>\n<\/ul>\n<p><span data-contrast=\"none\">S\u00ed, <\/span><strong>siempre he pensado que la \u00fanica manera de impulsar un proyecto es con constancia, esfuerzo y trabajo, buscando c\u00f3mo mejorar cada d\u00eda.<\/strong> <span data-contrast=\"none\">Es importante no olvidar nunca de d\u00f3nde venimos, estemos donde estemos, porque de d\u00f3nde vienes es lo que t\u00fa sabes y los inicios de todo. Yo sigo teniendo las mismas amistades, sigo teniendo la misma relaci\u00f3n con las personas, sigo haciendo las cosas que he hecho toda mi vida. <\/span><strong>Es importante saber el esfuerzo que has hecho y cu\u00e1les son tus or\u00edgenes: todos empezamos de cero y que se triunfe m\u00e1s o menos no debe cambiar tu esencia.<\/strong> <span data-contrast=\"none\">A m\u00ed me ayud\u00f3 mucho tambi\u00e9n la confianza en las personas y hacer equipo; pienso que es imprescindible.<\/span><span data-ccp-props=\"{&quot;134233117&quot;:true,&quot;134233118&quot;:true,&quot;201341983&quot;:0,&quot;335559739&quot;:160,&quot;335559740&quot;:240}\">\u00a0<\/span><\/p>\n<p><span data-ccp-props=\"{&quot;134233117&quot;:true,&quot;134233118&quot;:true,&quot;201341983&quot;:0,&quot;335559739&quot;:160,&quot;335559740&quot;:240}\">\u00a0<\/span><\/p>\n<ul>\n<li data-leveltext=\"\uf0b7\" data-font=\"Symbol\" data-listid=\"5\" data-list-defn-props=\"{&quot;335552541&quot;:1,&quot;335559684&quot;:-2,&quot;335559685&quot;:720,&quot;335559991&quot;:360,&quot;469769226&quot;:&quot;Symbol&quot;,&quot;469769242&quot;:[8226],&quot;469777803&quot;:&quot;left&quot;,&quot;469777804&quot;:&quot;\uf0b7&quot;,&quot;469777815&quot;:&quot;multilevel&quot;}\" aria-setsize=\"-1\" data-aria-posinset=\"1\" data-aria-level=\"1\">\n<h5><strong>\u00bfCu\u00e1les han sido las dificultades con las que te has encontrado para llegar hasta aqu\u00ed?\u00a0<\/strong><\/h5>\n<\/li>\n<\/ul>\n<p><span data-contrast=\"none\">La mayor, el hecho de <\/span><strong>cambiar de mentalidad.<\/strong><span data-contrast=\"none\"> Los problemas que yo ten\u00eda antes cuando acababa mi jornada laboral eran unos, que, si no hubiera sido por mi car\u00e1cter, se hubieran quedado all\u00ed. Y, en cambio, <\/span><strong>cuando yo decido iniciar la aventura solo<\/strong><span data-contrast=\"none\">, asumiendo todas las tareas durante el primer a\u00f1o y medio, <\/span><strong>me encuentro que, cuando acabo la jornada, el trabajo sigue conmigo.\u00a0<\/strong><\/p>\n<p><img loading=\"lazy\" decoding=\"async\" class=\"alignnone wp-image-9089\" src=\"https:\/\/www.fundacioimpulsa.org\/wp-content\/uploads\/2023\/07\/Constania-300x135.jpeg\" alt=\"\" width=\"726\" height=\"327\" srcset=\"https:\/\/www.fundacioimpulsa.org\/wp-content\/uploads\/2023\/07\/Constania-300x135.jpeg 300w, https:\/\/www.fundacioimpulsa.org\/wp-content\/uploads\/2023\/07\/Constania-768x346.jpeg 768w, https:\/\/www.fundacioimpulsa.org\/wp-content\/uploads\/2023\/07\/Constania-705x317.jpeg 705w, https:\/\/www.fundacioimpulsa.org\/wp-content\/uploads\/2023\/07\/Constania-315x142.jpeg 315w, https:\/\/www.fundacioimpulsa.org\/wp-content\/uploads\/2023\/07\/Constania.jpeg 800w\" sizes=\"auto, (max-width: 726px) 100vw, 726px\" \/><\/p>\n<ul>\n<li data-leveltext=\"\uf0b7\" data-font=\"Symbol\" data-listid=\"6\" data-list-defn-props=\"{&quot;335552541&quot;:1,&quot;335559684&quot;:-2,&quot;335559685&quot;:720,&quot;335559991&quot;:360,&quot;469769226&quot;:&quot;Symbol&quot;,&quot;469769242&quot;:[8226],&quot;469777803&quot;:&quot;left&quot;,&quot;469777804&quot;:&quot;\uf0b7&quot;,&quot;469777815&quot;:&quot;multilevel&quot;}\" aria-setsize=\"-1\" data-aria-posinset=\"2\" data-aria-level=\"1\">\n<h5><strong>Dices que esta ha sido la mayor dificultad. \u00bfQuieres decir que has tenido otras?\u00a0<\/strong><\/h5>\n<\/li>\n<\/ul>\n<p><span data-contrast=\"none\">S\u00ed, cuando empec\u00e9 a tener trabajadores y deb\u00eda delegar<\/span>, <strong>me cost\u00f3 mucho.\u202fEs dif\u00edcil darte cuenta de que hay otras formas de trabajar diferentes a la tuya y que la tuya no siempre es la mejor.\u202fTambi\u00e9n<\/strong> <span data-contrast=\"none\">fue una dificultad <\/span><strong>el hecho de que yo no ten\u00eda el dinero para comprar los materiales que necesitaba,<\/strong><span data-contrast=\"none\"> y en ese momento <\/span><strong>los proveedores tuvieron que hacer un acto de fe confiando en m\u00ed<\/strong> <span data-contrast=\"none\">cuando les ped\u00eda g\u00e9nero para poder sacar adelante el proyecto. Por suerte, fueron m\u00e1s los que me dijeron que s\u00ed, que los que me dijeron que no, y es ese uno de los momentos m\u00e1s bonitos que recuerdo, pero tambi\u00e9n de los m\u00e1s dif\u00edciles, porque se lo ped\u00eda a cambio de la fe que deb\u00edan tener en m\u00ed. <\/span><strong>Ellos han sido el pilar de Constantiagrup; hace doce a\u00f1os que trabajo en esto.\u00a0<\/strong><\/p>\n<blockquote>\n<h4><strong>\u201cEn ese momento, los proveedores tuvieron que hacer un acto de fe confiando en m\u00ed [&#8230;] es uno de los momentos m\u00e1s bonitos que recuerdo, pero tambi\u00e9n de los m\u00e1s dif\u00edciles, porque se lo ped\u00eda a cambio de la fe que deb\u00edan tener en m\u00ed\u201d<\/strong><\/h4>\n<\/blockquote>\n<ul>\n<li data-leveltext=\"\uf0b7\" data-font=\"Symbol\" data-listid=\"7\" data-list-defn-props=\"{&quot;335552541&quot;:1,&quot;335559684&quot;:-2,&quot;335559685&quot;:720,&quot;335559991&quot;:360,&quot;469769226&quot;:&quot;Symbol&quot;,&quot;469769242&quot;:[8226],&quot;469777803&quot;:&quot;left&quot;,&quot;469777804&quot;:&quot;\uf0b7&quot;,&quot;469777815&quot;:&quot;multilevel&quot;}\" aria-setsize=\"-1\" data-aria-posinset=\"1\" data-aria-level=\"1\">\n<h5><strong>Lo que explicas pone en valor la importancia de hacer red. \u00bfEs f\u00e1cil esto en la sociedad actual?\u00a0<\/strong><\/h5>\n<\/li>\n<\/ul>\n<p><span data-contrast=\"none\">Pienso que tiempo atr\u00e1s se hac\u00eda m\u00e1s, pero ahora somos muchos y existe una competitividad que no me parece sana. Desde que estamos en Mercabarna<\/span><b><span data-contrast=\"none\">\u202f<\/span><\/b><span data-contrast=\"none\">me he dado cuenta de que all\u00ed, por ejemplo, <\/span><strong>se generan una serie de relaciones que te facilitan el d\u00eda a d\u00eda y todo el mundo intenta ayudarse.\u202fEl v\u00ednculo con los dem\u00e1s es importante<\/strong> <span data-contrast=\"none\">y solo se consigue buscando la confianza de las personas que te rodean con quienes crees que puede haber una ayuda mutua; <\/span><strong>en Mercabarna hay mucha corresponsabilidad a nivel empresarial y eso es algo que echo de menos en la sociedad.\u00a0<\/strong><\/p>\n<blockquote>\n<h4><strong>\u00abEn Mercabarna hay mucha corresponsabilidad a nivel empresarial y eso es algo que echo de menos en la sociedad\u00bb\u00a0<\/strong><\/h4>\n<\/blockquote>\n<ul>\n<li data-leveltext=\"\uf0b7\" data-font=\"Symbol\" data-listid=\"8\" data-list-defn-props=\"{&quot;335552541&quot;:1,&quot;335559684&quot;:-2,&quot;335559685&quot;:720,&quot;335559991&quot;:360,&quot;469769226&quot;:&quot;Symbol&quot;,&quot;469769242&quot;:[8226],&quot;469777803&quot;:&quot;left&quot;,&quot;469777804&quot;:&quot;\uf0b7&quot;,&quot;469777815&quot;:&quot;multilevel&quot;}\" aria-setsize=\"-1\" data-aria-posinset=\"2\" data-aria-level=\"1\">\n<h5><strong>Constantiagrup forma parte de la red de Organizaciones Impulsoras de la Fundaci\u00f3n Impulsa. \u00bfQu\u00e9 te llev\u00f3 a sumarte al proyecto?\u00a0<\/strong><\/h5>\n<\/li>\n<\/ul>\n<p><span data-contrast=\"none\">Conoc\u00ed la Fundaci\u00f3n Impulsa a trav\u00e9s de <\/span><strong>Salva Ramon, Embajador de la Fundaci\u00f3n en Terrassa; me hablaba con unos ojos que le brillaban<\/strong> <span data-contrast=\"none\">y eso me hizo darme cuenta de que cre\u00eda en el proyecto y que <\/span><strong>todo lo que me contaba era desde el coraz\u00f3n.<\/strong> <span data-contrast=\"none\">Vi que <\/span><strong>lo que me contaba respond\u00eda a mi pensamiento de c\u00f3mo ayudar a la sociedad<\/strong> <span data-contrast=\"none\">y creo que lo que ofrece la Fundaci\u00f3n Impulsa es lo mejor que se le puede dar a una persona joven: formaci\u00f3n y que, adem\u00e1s, esta formaci\u00f3n sea un oficio. Es algo que nadie le quitar\u00e1. Hay gente que no puede profundizar en lo que le gusta o trabajar en ello y no hay nada mejor que colaborar en hacer realidad el sue\u00f1o de un joven para que sea lo que quiere ser.<\/span><span data-ccp-props=\"{&quot;134233117&quot;:true,&quot;134233118&quot;:true,&quot;201341983&quot;:0,&quot;335559739&quot;:160,&quot;335559740&quot;:240}\">\u00a0<\/span><\/p>\n<blockquote>\n<h4><strong>\u00abCreo que lo que ofrece la Fundaci\u00f3n Impulsa es lo mejor que se puede dar a una persona joven [&#8230;] nada mejor que colaborar en hacer realidad el sue\u00f1o de un joven para que sea lo que quiere ser\u00bb\u00a0<\/strong><\/h4>\n<\/blockquote>\n<ul>\n<li data-leveltext=\"\uf0b7\" data-font=\"Symbol\" data-listid=\"9\" data-list-defn-props=\"{&quot;335552541&quot;:1,&quot;335559684&quot;:-2,&quot;335559685&quot;:720,&quot;335559991&quot;:360,&quot;469769226&quot;:&quot;Symbol&quot;,&quot;469769242&quot;:[8226],&quot;469777803&quot;:&quot;left&quot;,&quot;469777804&quot;:&quot;\uf0b7&quot;,&quot;469777815&quot;:&quot;multilevel&quot;}\" aria-setsize=\"-1\" data-aria-posinset=\"1\" data-aria-level=\"1\">\n<h5><strong>Hablas de tener un oficio. \u00bfCrees que es importante hoy en d\u00eda?\u00a0<\/strong><\/h5>\n<\/li>\n<\/ul>\n<p><span data-contrast=\"none\">Yo <\/span><strong>lo encuentro imprescindible<\/strong><span data-contrast=\"none\">, <\/span><strong>y<\/strong> <span data-contrast=\"none\">aqu\u00ed <\/span><strong>se ha cometido un error, porque durante muchos a\u00f1os se ha visto la Formaci\u00f3n Profesional (FP) como algo para quien no val\u00eda<\/strong><span data-contrast=\"none\"><strong>,<\/strong> eran unos estudios que avergonzaba hacerlos. El desprestigio de la FP es uno de los mayores errores que se han cometido en ense\u00f1anza y ahora nos encontramos con que no hay gente suficientemente formada en muchos oficios que hacen falta en la sociedad.<\/span><span data-ccp-props=\"{&quot;134233117&quot;:true,&quot;134233118&quot;:true,&quot;201341983&quot;:0,&quot;335559739&quot;:160,&quot;335559740&quot;:240}\">\u00a0<\/span><\/p>\n<blockquote>\n<h4><span data-ccp-props=\"{&quot;134233117&quot;:true,&quot;134233118&quot;:true,&quot;201341983&quot;:0,&quot;335559739&quot;:160,&quot;335559740&quot;:240}\">\u00a0<\/span><strong>\u00abEl desprestigio de la FP es uno de los errores m\u00e1s grandes que se han cometido en ense\u00f1anza y ahora nos encontramos con que no hay gente suficientemente formada en muchos oficios que hacen falta a la sociedad\u00bb\u00a0<\/strong><\/h4>\n<\/blockquote>\n<ul>\n<li data-leveltext=\"\uf0b7\" data-font=\"Symbol\" data-listid=\"10\" data-list-defn-props=\"{&quot;335552541&quot;:1,&quot;335559684&quot;:-2,&quot;335559685&quot;:720,&quot;335559991&quot;:360,&quot;469769226&quot;:&quot;Symbol&quot;,&quot;469769242&quot;:[8226],&quot;469777803&quot;:&quot;left&quot;,&quot;469777804&quot;:&quot;\uf0b7&quot;,&quot;469777815&quot;:&quot;multilevel&quot;}\" aria-setsize=\"-1\" data-aria-posinset=\"2\" data-aria-level=\"1\">\n<h5><strong>En una palabra. Para ti, la Fundaci\u00f3n Impulsa es&#8230;\u00a0<\/strong><\/h5>\n<\/li>\n<\/ul>\n<p><strong>Diana<\/strong> <span data-contrast=\"none\">(ha dado con el punto clave en el que se puede ayudar a las personas, haciendo que, con una ayuda, los j\u00f3venes puedan ser autosuficientes).<\/span><span data-ccp-props=\"{&quot;134233117&quot;:true,&quot;134233118&quot;:true,&quot;201341983&quot;:0,&quot;335559739&quot;:160,&quot;335559740&quot;:240}\">\u00a0<\/span><\/p>\n<p><span data-ccp-props=\"{&quot;201341983&quot;:0,&quot;335559739&quot;:160,&quot;335559740&quot;:259}\">\u00a0<\/span><\/p>\n<p>&nbsp;<\/p>\n","protected":false},"excerpt":{"rendered":"<p>Gabriel Cid, CEO de Constantiagrup, Organizaci\u00f3n Impulsora de la Fundaci\u00f3n Impulsa.<\/p>\n","protected":false},"author":6,"featured_media":9094,"comment_status":"closed","ping_status":"closed","sticky":false,"template":"","format":"standard","meta":{"_acf_changed":false,"footnotes":""},"categories":[84],"tags":[98,99],"class_list":["post-9098","post","type-post","status-publish","format-standard","has-post-thumbnail","hentry","category-protagonistas-impulsa","tag-protagonistesimpulsa-es","tag-protagonistasimpulsa"],"acf":[],"yoast_head":"<!-- This site is optimized with the Yoast SEO plugin v27.3 - https:\/\/yoast.com\/product\/yoast-seo-wordpress\/ -->\n<title>&quot;Con cincuenta a\u00f1os, dos hijos, sin apenas paro y con 3.000 euros en el bolsillo, pero con el apoyo familiar, empiezo la aventura empresarial de Constantiagrup&quot; - Fundacio Impulsa<\/title>\n<meta name=\"robots\" content=\"index, follow, max-snippet:-1, max-image-preview:large, max-video-preview:-1\" \/>\n<link rel=\"canonical\" href=\"https:\/\/www.fundacioimpulsa.org\/es\/amb-cinquanta-anys-dos-fills-sense-gairebe-atur-i-amb-3-000-euros-a-la-butxaca\/\" \/>\n<meta property=\"og:locale\" content=\"es_ES\" \/>\n<meta property=\"og:type\" content=\"article\" \/>\n<meta property=\"og:title\" content=\"&quot;Con cincuenta a\u00f1os, dos hijos, sin apenas paro y con 3.000 euros en el bolsillo, pero con el apoyo familiar, empiezo la aventura empresarial de Constantiagrup&quot; - Fundacio Impulsa\" \/>\n<meta property=\"og:description\" content=\"Gabriel Cid, CEO de Constantiagrup, Organizaci\u00f3n Impulsora de la Fundaci\u00f3n Impulsa.\" \/>\n<meta property=\"og:url\" content=\"https:\/\/www.fundacioimpulsa.org\/es\/amb-cinquanta-anys-dos-fills-sense-gairebe-atur-i-amb-3-000-euros-a-la-butxaca\/\" \/>\n<meta property=\"og:site_name\" content=\"Fundacio Impulsa\" \/>\n<meta property=\"article:published_time\" content=\"2023-07-19T05:00:15+00:00\" \/>\n<meta property=\"og:image\" content=\"https:\/\/www.fundacioimpulsa.org\/wp-content\/uploads\/2023\/07\/Gabriel-Cid.jpeg\" \/>\n\t<meta property=\"og:image:width\" content=\"1080\" \/>\n\t<meta property=\"og:image:height\" content=\"690\" \/>\n\t<meta property=\"og:image:type\" content=\"image\/jpeg\" \/>\n<meta name=\"author\" content=\"comunicacio\" \/>\n<meta name=\"twitter:card\" content=\"summary_large_image\" \/>\n<meta name=\"twitter:label1\" content=\"Escrito por\" \/>\n\t<meta name=\"twitter:data1\" content=\"comunicacio\" \/>\n\t<meta name=\"twitter:label2\" content=\"Tiempo de lectura\" \/>\n\t<meta name=\"twitter:data2\" content=\"8 minutos\" \/>\n<script type=\"application\/ld+json\" class=\"yoast-schema-graph\">{\"@context\":\"https:\\\/\\\/schema.org\",\"@graph\":[{\"@type\":\"Article\",\"@id\":\"https:\\\/\\\/www.fundacioimpulsa.org\\\/es\\\/amb-cinquanta-anys-dos-fills-sense-gairebe-atur-i-amb-3-000-euros-a-la-butxaca\\\/#article\",\"isPartOf\":{\"@id\":\"https:\\\/\\\/www.fundacioimpulsa.org\\\/es\\\/amb-cinquanta-anys-dos-fills-sense-gairebe-atur-i-amb-3-000-euros-a-la-butxaca\\\/\"},\"author\":{\"name\":\"comunicacio\",\"@id\":\"https:\\\/\\\/www.fundacioimpulsa.org\\\/es\\\/#\\\/schema\\\/person\\\/8e5d127d58d49b0b3a374d763db6672b\"},\"headline\":\"\u00abCon cincuenta a\u00f1os, dos hijos, sin apenas paro y con 3.000 euros en el bolsillo, pero con el apoyo familiar, empiezo la aventura empresarial de Constantiagrup\u00bb\",\"datePublished\":\"2023-07-19T05:00:15+00:00\",\"mainEntityOfPage\":{\"@id\":\"https:\\\/\\\/www.fundacioimpulsa.org\\\/es\\\/amb-cinquanta-anys-dos-fills-sense-gairebe-atur-i-amb-3-000-euros-a-la-butxaca\\\/\"},\"wordCount\":1551,\"image\":{\"@id\":\"https:\\\/\\\/www.fundacioimpulsa.org\\\/es\\\/amb-cinquanta-anys-dos-fills-sense-gairebe-atur-i-amb-3-000-euros-a-la-butxaca\\\/#primaryimage\"},\"thumbnailUrl\":\"https:\\\/\\\/www.fundacioimpulsa.org\\\/wp-content\\\/uploads\\\/2023\\\/07\\\/Gabriel-Cid.jpeg\",\"keywords\":[\"#ProtagonistasImpulsa\",\"#ProtagonistasImpulsa\"],\"articleSection\":[\"Protagonistas Impulsa\"],\"inLanguage\":\"es\"},{\"@type\":\"WebPage\",\"@id\":\"https:\\\/\\\/www.fundacioimpulsa.org\\\/es\\\/amb-cinquanta-anys-dos-fills-sense-gairebe-atur-i-amb-3-000-euros-a-la-butxaca\\\/\",\"url\":\"https:\\\/\\\/www.fundacioimpulsa.org\\\/es\\\/amb-cinquanta-anys-dos-fills-sense-gairebe-atur-i-amb-3-000-euros-a-la-butxaca\\\/\",\"name\":\"\\\"Con cincuenta a\u00f1os, dos hijos, sin apenas paro y con 3.000 euros en el bolsillo, pero con el apoyo familiar, empiezo la aventura empresarial de Constantiagrup\\\" - Fundacio Impulsa\",\"isPartOf\":{\"@id\":\"https:\\\/\\\/www.fundacioimpulsa.org\\\/es\\\/#website\"},\"primaryImageOfPage\":{\"@id\":\"https:\\\/\\\/www.fundacioimpulsa.org\\\/es\\\/amb-cinquanta-anys-dos-fills-sense-gairebe-atur-i-amb-3-000-euros-a-la-butxaca\\\/#primaryimage\"},\"image\":{\"@id\":\"https:\\\/\\\/www.fundacioimpulsa.org\\\/es\\\/amb-cinquanta-anys-dos-fills-sense-gairebe-atur-i-amb-3-000-euros-a-la-butxaca\\\/#primaryimage\"},\"thumbnailUrl\":\"https:\\\/\\\/www.fundacioimpulsa.org\\\/wp-content\\\/uploads\\\/2023\\\/07\\\/Gabriel-Cid.jpeg\",\"datePublished\":\"2023-07-19T05:00:15+00:00\",\"author\":{\"@id\":\"https:\\\/\\\/www.fundacioimpulsa.org\\\/es\\\/#\\\/schema\\\/person\\\/8e5d127d58d49b0b3a374d763db6672b\"},\"breadcrumb\":{\"@id\":\"https:\\\/\\\/www.fundacioimpulsa.org\\\/es\\\/amb-cinquanta-anys-dos-fills-sense-gairebe-atur-i-amb-3-000-euros-a-la-butxaca\\\/#breadcrumb\"},\"inLanguage\":\"es\",\"potentialAction\":[{\"@type\":\"ReadAction\",\"target\":[\"https:\\\/\\\/www.fundacioimpulsa.org\\\/es\\\/amb-cinquanta-anys-dos-fills-sense-gairebe-atur-i-amb-3-000-euros-a-la-butxaca\\\/\"]}]},{\"@type\":\"ImageObject\",\"inLanguage\":\"es\",\"@id\":\"https:\\\/\\\/www.fundacioimpulsa.org\\\/es\\\/amb-cinquanta-anys-dos-fills-sense-gairebe-atur-i-amb-3-000-euros-a-la-butxaca\\\/#primaryimage\",\"url\":\"https:\\\/\\\/www.fundacioimpulsa.org\\\/wp-content\\\/uploads\\\/2023\\\/07\\\/Gabriel-Cid.jpeg\",\"contentUrl\":\"https:\\\/\\\/www.fundacioimpulsa.org\\\/wp-content\\\/uploads\\\/2023\\\/07\\\/Gabriel-Cid.jpeg\",\"width\":1080,\"height\":690},{\"@type\":\"BreadcrumbList\",\"@id\":\"https:\\\/\\\/www.fundacioimpulsa.org\\\/es\\\/amb-cinquanta-anys-dos-fills-sense-gairebe-atur-i-amb-3-000-euros-a-la-butxaca\\\/#breadcrumb\",\"itemListElement\":[{\"@type\":\"ListItem\",\"position\":1,\"name\":\"Inici\",\"item\":\"https:\\\/\\\/www.fundacioimpulsa.org\\\/es\\\/fundacio-impulsa\\\/\"},{\"@type\":\"ListItem\",\"position\":2,\"name\":\"&#8220;Con cincuenta a\u00f1os, dos hijos, sin apenas paro y con 3.000 euros en el bolsillo, pero con el apoyo familiar, empiezo la aventura empresarial de Constantiagrup&#8221;\"}]},{\"@type\":\"WebSite\",\"@id\":\"https:\\\/\\\/www.fundacioimpulsa.org\\\/es\\\/#website\",\"url\":\"https:\\\/\\\/www.fundacioimpulsa.org\\\/es\\\/\",\"name\":\"Fundacio Impulsa\",\"description\":\"\",\"potentialAction\":[{\"@type\":\"SearchAction\",\"target\":{\"@type\":\"EntryPoint\",\"urlTemplate\":\"https:\\\/\\\/www.fundacioimpulsa.org\\\/es\\\/?s={search_term_string}\"},\"query-input\":{\"@type\":\"PropertyValueSpecification\",\"valueRequired\":true,\"valueName\":\"search_term_string\"}}],\"inLanguage\":\"es\"},{\"@type\":\"Person\",\"@id\":\"https:\\\/\\\/www.fundacioimpulsa.org\\\/es\\\/#\\\/schema\\\/person\\\/8e5d127d58d49b0b3a374d763db6672b\",\"name\":\"comunicacio\",\"image\":{\"@type\":\"ImageObject\",\"inLanguage\":\"es\",\"@id\":\"https:\\\/\\\/secure.gravatar.com\\\/avatar\\\/179d9804721934af904d6831ff1a982684d2987826415ba17246a2fefb582344?s=96&d=mm&r=g\",\"url\":\"https:\\\/\\\/secure.gravatar.com\\\/avatar\\\/179d9804721934af904d6831ff1a982684d2987826415ba17246a2fefb582344?s=96&d=mm&r=g\",\"contentUrl\":\"https:\\\/\\\/secure.gravatar.com\\\/avatar\\\/179d9804721934af904d6831ff1a982684d2987826415ba17246a2fefb582344?s=96&d=mm&r=g\",\"caption\":\"comunicacio\"},\"url\":\"https:\\\/\\\/www.fundacioimpulsa.org\\\/es\\\/author\\\/comunicacio\\\/\"}]}<\/script>\n<!-- \/ Yoast SEO plugin. -->","yoast_head_json":{"title":"\"Con cincuenta a\u00f1os, dos hijos, sin apenas paro y con 3.000 euros en el bolsillo, pero con el apoyo familiar, empiezo la aventura empresarial de Constantiagrup\" - Fundacio Impulsa","robots":{"index":"index","follow":"follow","max-snippet":"max-snippet:-1","max-image-preview":"max-image-preview:large","max-video-preview":"max-video-preview:-1"},"canonical":"https:\/\/www.fundacioimpulsa.org\/es\/amb-cinquanta-anys-dos-fills-sense-gairebe-atur-i-amb-3-000-euros-a-la-butxaca\/","og_locale":"es_ES","og_type":"article","og_title":"\"Con cincuenta a\u00f1os, dos hijos, sin apenas paro y con 3.000 euros en el bolsillo, pero con el apoyo familiar, empiezo la aventura empresarial de Constantiagrup\" - Fundacio Impulsa","og_description":"Gabriel Cid, CEO de Constantiagrup, Organizaci\u00f3n Impulsora de la Fundaci\u00f3n Impulsa.","og_url":"https:\/\/www.fundacioimpulsa.org\/es\/amb-cinquanta-anys-dos-fills-sense-gairebe-atur-i-amb-3-000-euros-a-la-butxaca\/","og_site_name":"Fundacio Impulsa","article_published_time":"2023-07-19T05:00:15+00:00","og_image":[{"width":1080,"height":690,"url":"https:\/\/www.fundacioimpulsa.org\/wp-content\/uploads\/2023\/07\/Gabriel-Cid.jpeg","type":"image\/jpeg"}],"author":"comunicacio","twitter_card":"summary_large_image","twitter_misc":{"Escrito por":"comunicacio","Tiempo de lectura":"8 minutos"},"schema":{"@context":"https:\/\/schema.org","@graph":[{"@type":"Article","@id":"https:\/\/www.fundacioimpulsa.org\/es\/amb-cinquanta-anys-dos-fills-sense-gairebe-atur-i-amb-3-000-euros-a-la-butxaca\/#article","isPartOf":{"@id":"https:\/\/www.fundacioimpulsa.org\/es\/amb-cinquanta-anys-dos-fills-sense-gairebe-atur-i-amb-3-000-euros-a-la-butxaca\/"},"author":{"name":"comunicacio","@id":"https:\/\/www.fundacioimpulsa.org\/es\/#\/schema\/person\/8e5d127d58d49b0b3a374d763db6672b"},"headline":"\u00abCon cincuenta a\u00f1os, dos hijos, sin apenas paro y con 3.000 euros en el bolsillo, pero con el apoyo familiar, empiezo la aventura empresarial de Constantiagrup\u00bb","datePublished":"2023-07-19T05:00:15+00:00","mainEntityOfPage":{"@id":"https:\/\/www.fundacioimpulsa.org\/es\/amb-cinquanta-anys-dos-fills-sense-gairebe-atur-i-amb-3-000-euros-a-la-butxaca\/"},"wordCount":1551,"image":{"@id":"https:\/\/www.fundacioimpulsa.org\/es\/amb-cinquanta-anys-dos-fills-sense-gairebe-atur-i-amb-3-000-euros-a-la-butxaca\/#primaryimage"},"thumbnailUrl":"https:\/\/www.fundacioimpulsa.org\/wp-content\/uploads\/2023\/07\/Gabriel-Cid.jpeg","keywords":["#ProtagonistasImpulsa","#ProtagonistasImpulsa"],"articleSection":["Protagonistas Impulsa"],"inLanguage":"es"},{"@type":"WebPage","@id":"https:\/\/www.fundacioimpulsa.org\/es\/amb-cinquanta-anys-dos-fills-sense-gairebe-atur-i-amb-3-000-euros-a-la-butxaca\/","url":"https:\/\/www.fundacioimpulsa.org\/es\/amb-cinquanta-anys-dos-fills-sense-gairebe-atur-i-amb-3-000-euros-a-la-butxaca\/","name":"\"Con cincuenta a\u00f1os, dos hijos, sin apenas paro y con 3.000 euros en el bolsillo, pero con el apoyo familiar, empiezo la aventura empresarial de Constantiagrup\" - Fundacio Impulsa","isPartOf":{"@id":"https:\/\/www.fundacioimpulsa.org\/es\/#website"},"primaryImageOfPage":{"@id":"https:\/\/www.fundacioimpulsa.org\/es\/amb-cinquanta-anys-dos-fills-sense-gairebe-atur-i-amb-3-000-euros-a-la-butxaca\/#primaryimage"},"image":{"@id":"https:\/\/www.fundacioimpulsa.org\/es\/amb-cinquanta-anys-dos-fills-sense-gairebe-atur-i-amb-3-000-euros-a-la-butxaca\/#primaryimage"},"thumbnailUrl":"https:\/\/www.fundacioimpulsa.org\/wp-content\/uploads\/2023\/07\/Gabriel-Cid.jpeg","datePublished":"2023-07-19T05:00:15+00:00","author":{"@id":"https:\/\/www.fundacioimpulsa.org\/es\/#\/schema\/person\/8e5d127d58d49b0b3a374d763db6672b"},"breadcrumb":{"@id":"https:\/\/www.fundacioimpulsa.org\/es\/amb-cinquanta-anys-dos-fills-sense-gairebe-atur-i-amb-3-000-euros-a-la-butxaca\/#breadcrumb"},"inLanguage":"es","potentialAction":[{"@type":"ReadAction","target":["https:\/\/www.fundacioimpulsa.org\/es\/amb-cinquanta-anys-dos-fills-sense-gairebe-atur-i-amb-3-000-euros-a-la-butxaca\/"]}]},{"@type":"ImageObject","inLanguage":"es","@id":"https:\/\/www.fundacioimpulsa.org\/es\/amb-cinquanta-anys-dos-fills-sense-gairebe-atur-i-amb-3-000-euros-a-la-butxaca\/#primaryimage","url":"https:\/\/www.fundacioimpulsa.org\/wp-content\/uploads\/2023\/07\/Gabriel-Cid.jpeg","contentUrl":"https:\/\/www.fundacioimpulsa.org\/wp-content\/uploads\/2023\/07\/Gabriel-Cid.jpeg","width":1080,"height":690},{"@type":"BreadcrumbList","@id":"https:\/\/www.fundacioimpulsa.org\/es\/amb-cinquanta-anys-dos-fills-sense-gairebe-atur-i-amb-3-000-euros-a-la-butxaca\/#breadcrumb","itemListElement":[{"@type":"ListItem","position":1,"name":"Inici","item":"https:\/\/www.fundacioimpulsa.org\/es\/fundacio-impulsa\/"},{"@type":"ListItem","position":2,"name":"&#8220;Con cincuenta a\u00f1os, dos hijos, sin apenas paro y con 3.000 euros en el bolsillo, pero con el apoyo familiar, empiezo la aventura empresarial de Constantiagrup&#8221;"}]},{"@type":"WebSite","@id":"https:\/\/www.fundacioimpulsa.org\/es\/#website","url":"https:\/\/www.fundacioimpulsa.org\/es\/","name":"Fundacio Impulsa","description":"","potentialAction":[{"@type":"SearchAction","target":{"@type":"EntryPoint","urlTemplate":"https:\/\/www.fundacioimpulsa.org\/es\/?s={search_term_string}"},"query-input":{"@type":"PropertyValueSpecification","valueRequired":true,"valueName":"search_term_string"}}],"inLanguage":"es"},{"@type":"Person","@id":"https:\/\/www.fundacioimpulsa.org\/es\/#\/schema\/person\/8e5d127d58d49b0b3a374d763db6672b","name":"comunicacio","image":{"@type":"ImageObject","inLanguage":"es","@id":"https:\/\/secure.gravatar.com\/avatar\/179d9804721934af904d6831ff1a982684d2987826415ba17246a2fefb582344?s=96&d=mm&r=g","url":"https:\/\/secure.gravatar.com\/avatar\/179d9804721934af904d6831ff1a982684d2987826415ba17246a2fefb582344?s=96&d=mm&r=g","contentUrl":"https:\/\/secure.gravatar.com\/avatar\/179d9804721934af904d6831ff1a982684d2987826415ba17246a2fefb582344?s=96&d=mm&r=g","caption":"comunicacio"},"url":"https:\/\/www.fundacioimpulsa.org\/es\/author\/comunicacio\/"}]}},"publishpress_future_action":{"enabled":false,"date":"2026-05-05 05:09:15","action":"change-status","newStatus":"draft","terms":[],"taxonomy":"category","extraData":[]},"publishpress_future_workflow_manual_trigger":{"enabledWorkflows":[]},"_links":{"self":[{"href":"https:\/\/www.fundacioimpulsa.org\/es\/wp-json\/wp\/v2\/posts\/9098","targetHints":{"allow":["GET"]}}],"collection":[{"href":"https:\/\/www.fundacioimpulsa.org\/es\/wp-json\/wp\/v2\/posts"}],"about":[{"href":"https:\/\/www.fundacioimpulsa.org\/es\/wp-json\/wp\/v2\/types\/post"}],"author":[{"embeddable":true,"href":"https:\/\/www.fundacioimpulsa.org\/es\/wp-json\/wp\/v2\/users\/6"}],"replies":[{"embeddable":true,"href":"https:\/\/www.fundacioimpulsa.org\/es\/wp-json\/wp\/v2\/comments?post=9098"}],"version-history":[{"count":4,"href":"https:\/\/www.fundacioimpulsa.org\/es\/wp-json\/wp\/v2\/posts\/9098\/revisions"}],"predecessor-version":[{"id":9099,"href":"https:\/\/www.fundacioimpulsa.org\/es\/wp-json\/wp\/v2\/posts\/9098\/revisions\/9099"}],"wp:featuredmedia":[{"embeddable":true,"href":"https:\/\/www.fundacioimpulsa.org\/es\/wp-json\/wp\/v2\/media\/9094"}],"wp:attachment":[{"href":"https:\/\/www.fundacioimpulsa.org\/es\/wp-json\/wp\/v2\/media?parent=9098"}],"wp:term":[{"taxonomy":"category","embeddable":true,"href":"https:\/\/www.fundacioimpulsa.org\/es\/wp-json\/wp\/v2\/categories?post=9098"},{"taxonomy":"post_tag","embeddable":true,"href":"https:\/\/www.fundacioimpulsa.org\/es\/wp-json\/wp\/v2\/tags?post=9098"}],"curies":[{"name":"wp","href":"https:\/\/api.w.org\/{rel}","templated":true}]}}