{"id":9557,"date":"2023-09-20T18:10:56","date_gmt":"2023-09-20T16:10:56","guid":{"rendered":"https:\/\/www.fundacioimpulsa.org\/agraim-la-iniciativa-solidaria-de-la-jornet-fest-que-ha-recaptat-mes-de-20-000-euros-que-es-destinaran-a-la-tasca-de-la-fundacio-impulsa\/"},"modified":"2023-09-19T14:11:36","modified_gmt":"2023-09-19T12:11:36","slug":"la-jornet-fest-recauda-un-total-de-26-800-euros-en-favor-de-la-fundacio-impulsa","status":"publish","type":"post","link":"https:\/\/www.fundacioimpulsa.org\/es\/la-jornet-fest-recauda-un-total-de-26-800-euros-en-favor-de-la-fundacio-impulsa\/","title":{"rendered":"La JornetFest recauda un total de 26.800\u20ac a favor de la Fundaci\u00f3n Impulsa en el Baix Empord\u00e0"},"content":{"rendered":"<p><img loading=\"lazy\" decoding=\"async\" class=\"alignnone wp-image-9550\" src=\"https:\/\/www.fundacioimpulsa.org\/wp-content\/uploads\/2023\/09\/JOrnet-Fest-300x151.jpeg\" alt=\"\" width=\"725\" height=\"365\" srcset=\"https:\/\/www.fundacioimpulsa.org\/wp-content\/uploads\/2023\/09\/JOrnet-Fest-300x151.jpeg 300w, https:\/\/www.fundacioimpulsa.org\/wp-content\/uploads\/2023\/09\/JOrnet-Fest-1030x517.jpeg 1030w, https:\/\/www.fundacioimpulsa.org\/wp-content\/uploads\/2023\/09\/JOrnet-Fest-768x386.jpeg 768w, https:\/\/www.fundacioimpulsa.org\/wp-content\/uploads\/2023\/09\/JOrnet-Fest-1536x771.jpeg 1536w, https:\/\/www.fundacioimpulsa.org\/wp-content\/uploads\/2023\/09\/JOrnet-Fest-1500x753.jpeg 1500w, https:\/\/www.fundacioimpulsa.org\/wp-content\/uploads\/2023\/09\/JOrnet-Fest-705x354.jpeg 705w, https:\/\/www.fundacioimpulsa.org\/wp-content\/uploads\/2023\/09\/JOrnet-Fest-1056x530.jpeg 1056w, https:\/\/www.fundacioimpulsa.org\/wp-content\/uploads\/2023\/09\/JOrnet-Fest-315x158.jpeg 315w, https:\/\/www.fundacioimpulsa.org\/wp-content\/uploads\/2023\/09\/JOrnet-Fest.jpeg 2000w\" sizes=\"auto, (max-width: 725px) 100vw, 725px\" \/><\/p>\n<p><span data-contrast=\"auto\">El pasado 27 de julio, <\/span><strong>Helena Jornet Finques organiz\u00f3<\/strong><span data-contrast=\"auto\"> la 2a edici\u00f3n de la <\/span><strong>JornetFest<\/strong><span data-contrast=\"auto\">, una fiesta para celebrar la vida, que este a\u00f1o incorpor\u00f3 un ingrediente m\u00e1s: la solidaridad. A trav\u00e9s de una convocatoria, <\/span><strong>la Fundaci\u00f3n Impulsa fue seleccionada por ser la entidad beneficiaria del evento<\/strong><span data-contrast=\"auto\"> de este 2023, donde <\/span><strong>se recaudaron 26.829,85\u20ac.\u00a0<\/strong><\/p>\n<p><strong>M\u00e1s de 150 personas<\/strong> <span data-contrast=\"auto\">gozaron de una noche de verano m\u00e1gica con buena m\u00fasica, buena comida, muchas sorpresas, un sorteo y la mejor compa\u00f1\u00eda. Fue <\/span><strong>en el entorno id\u00edlico del village del Festival Porta Ferrada de Sant Feliu de Gu\u00edxols<\/strong><span data-contrast=\"auto\">, que cedi\u00f3 el espacio para celebrar la fiesta.<\/span><\/p>\n<p><span data-contrast=\"auto\">Gracias a las aportaciones de las personas asistentes, <\/span><strong>la JornetFest recaud\u00f3<\/strong><span data-contrast=\"auto\"> un total de 26.829,85\u20ac, de los que <\/span><strong>21.761,15\u20ac se destinar\u00e1n \u00edntegramente al d\u00eda a d\u00eda de la Fundaci\u00f3n Impulsa en el Baix Empord\u00e0, donde este curso 2023-24 se becan y acompa\u00f1an un total de 23 j\u00f3venes.<\/strong><\/p>\n<p><span data-contrast=\"auto\">Durante la fiesta, <\/span><strong>las personas asistentes tambi\u00e9n pudieron conocer de cerca la labor de la Fundaci\u00f3n Impulsa, de la mano de su Presidente, Carles Cuy\u00e0s, y de testigos de j\u00f3venes y mentores<\/strong><span data-contrast=\"auto\"> del terrirtorio.<\/span><\/p>\n<p><span data-contrast=\"auto\">Desde la Fundaci\u00f3n Impulsa <\/span><strong>queremos agradecer la iniciativa de Helena Jornet Finques, as\u00ed como tambi\u00e9n a Prokasa, Estal y Grup Sais<\/strong><span data-contrast=\"auto\">, por sus generosas aportaciones, <\/span><strong>y a todos los establecimientos y comercios que hicieron posible llevar a cabo el sorteo:<\/strong><span data-contrast=\"auto\"> Los hoteles Aromar, Barcarola, Costa Brava, Emp\u00faries, Es Portal, Mas Salvi, Sant Pol, los restaurantes 220 Sushi, Amura-mi, Aradi, Bell-lloc, Ca la Maria,\u00a0Els\u00a0Tinars, La Competencia, La Riera, Sa Marinada Villa Mas,\u00a0la Joyer\u00eda Pon\u00e7, Samarkanda, Kave Home, Delta Encarna Cano, Encarnaci\u00f3n Ortega y el Club N\u00e1utico Sant Feliu de Gu\u00edxols.<\/span><span data-ccp-props=\"{&quot;134233117&quot;:false,&quot;134233118&quot;:false,&quot;201341983&quot;:0,&quot;335551550&quot;:6,&quot;335551620&quot;:6,&quot;335559685&quot;:0,&quot;335559737&quot;:0,&quot;335559738&quot;:0,&quot;335559739&quot;:160,&quot;335559740&quot;:360}\">\u00a0<\/span><\/p>\n<p><span data-ccp-props=\"{&quot;134245418&quot;:true,&quot;134245529&quot;:true,&quot;201341983&quot;:0,&quot;335559739&quot;:160,&quot;335559740&quot;:259}\">\u00a0<\/span><\/p>\n<div class='avia-iframe-wrap'><iframe loading=\"lazy\" title=\"V\u00eddeo-resum #JornetFest 2023\" width=\"1500\" height=\"844\" src=\"https:\/\/www.youtube.com\/embed\/nT-NInu92Iw?feature=oembed\" frameborder=\"0\" allow=\"accelerometer; autoplay; clipboard-write; encrypted-media; gyroscope; picture-in-picture; web-share\" allowfullscreen><\/iframe><\/div>\n","protected":false},"excerpt":{"rendered":"<p>El pasado 27 de julio, Helena Jornet Finques organiz\u00f3 la 2a edici\u00f3n de la JornetFest, una fiesta para celebrar la vida, que este a\u00f1o incorpor\u00f3 un ingrediente m\u00e1s: la solidaridad. A trav\u00e9s de una convocatoria, la Fundaci\u00f3n Impulsa fue seleccionada por ser la entidad beneficiaria del evento de este 2023, donde se recaudaron 26.829,85\u20ac.\u00a0 M\u00e1s [&hellip;]<\/p>\n","protected":false},"author":6,"featured_media":9551,"comment_status":"closed","ping_status":"closed","sticky":false,"template":"","format":"standard","meta":{"_acf_changed":false,"footnotes":""},"categories":[76,52],"tags":[92],"class_list":["post-9557","post","type-post","status-publish","format-standard","has-post-thumbnail","hentry","category-noticies-es","category-sin-categorizar","tag-organitzacionsimpulsores-es"],"acf":[],"yoast_head":"<!-- This site is optimized with the Yoast SEO plugin v27.5 - https:\/\/yoast.com\/product\/yoast-seo-wordpress\/ -->\n<title>La JornetFest recauda un total de 26.800\u20ac a favor de la Fundaci\u00f3n Impulsa en el Baix Empord\u00e0 - Fundacio Impulsa<\/title>\n<meta name=\"robots\" content=\"index, follow, max-snippet:-1, max-image-preview:large, max-video-preview:-1\" \/>\n<link rel=\"canonical\" href=\"https:\/\/www.fundacioimpulsa.org\/es\/la-jornet-fest-recauda-un-total-de-26-800-euros-en-favor-de-la-fundacio-impulsa\/\" \/>\n<meta property=\"og:locale\" content=\"es_ES\" \/>\n<meta property=\"og:type\" content=\"article\" \/>\n<meta property=\"og:title\" content=\"La JornetFest recauda un total de 26.800\u20ac a favor de la Fundaci\u00f3n Impulsa en el Baix Empord\u00e0 - Fundacio Impulsa\" \/>\n<meta property=\"og:description\" content=\"El pasado 27 de julio, Helena Jornet Finques organiz\u00f3 la 2a edici\u00f3n de la JornetFest, una fiesta para celebrar la vida, que este a\u00f1o incorpor\u00f3 un ingrediente m\u00e1s: la solidaridad. A trav\u00e9s de una convocatoria, la Fundaci\u00f3n Impulsa fue seleccionada por ser la entidad beneficiaria del evento de este 2023, donde se recaudaron 26.829,85\u20ac.\u00a0 M\u00e1s [&hellip;]\" \/>\n<meta property=\"og:url\" content=\"https:\/\/www.fundacioimpulsa.org\/es\/la-jornet-fest-recauda-un-total-de-26-800-euros-en-favor-de-la-fundacio-impulsa\/\" \/>\n<meta property=\"og:site_name\" content=\"Fundacio Impulsa\" \/>\n<meta property=\"article:published_time\" content=\"2023-09-20T16:10:56+00:00\" \/>\n<meta property=\"og:image\" content=\"https:\/\/www.fundacioimpulsa.org\/wp-content\/uploads\/2023\/09\/JOrnet-Fest.jpeg\" \/>\n\t<meta property=\"og:image:width\" content=\"2000\" \/>\n\t<meta property=\"og:image:height\" content=\"1004\" \/>\n\t<meta property=\"og:image:type\" content=\"image\/jpeg\" \/>\n<meta name=\"author\" content=\"comunicacio\" \/>\n<meta name=\"twitter:card\" content=\"summary_large_image\" \/>\n<meta name=\"twitter:label1\" content=\"Escrito por\" \/>\n\t<meta name=\"twitter:data1\" content=\"comunicacio\" \/>\n\t<meta name=\"twitter:label2\" content=\"Tiempo de lectura\" \/>\n\t<meta name=\"twitter:data2\" content=\"2 minutos\" \/>\n<script type=\"application\/ld+json\" class=\"yoast-schema-graph\">{\"@context\":\"https:\\\/\\\/schema.org\",\"@graph\":[{\"@type\":\"Article\",\"@id\":\"https:\\\/\\\/www.fundacioimpulsa.org\\\/es\\\/la-jornet-fest-recauda-un-total-de-26-800-euros-en-favor-de-la-fundacio-impulsa\\\/#article\",\"isPartOf\":{\"@id\":\"https:\\\/\\\/www.fundacioimpulsa.org\\\/es\\\/la-jornet-fest-recauda-un-total-de-26-800-euros-en-favor-de-la-fundacio-impulsa\\\/\"},\"author\":{\"name\":\"comunicacio\",\"@id\":\"https:\\\/\\\/www.fundacioimpulsa.org\\\/es\\\/#\\\/schema\\\/person\\\/8e5d127d58d49b0b3a374d763db6672b\"},\"headline\":\"La JornetFest recauda un total de 26.800\u20ac a favor de la Fundaci\u00f3n Impulsa en el Baix Empord\u00e0\",\"datePublished\":\"2023-09-20T16:10:56+00:00\",\"mainEntityOfPage\":{\"@id\":\"https:\\\/\\\/www.fundacioimpulsa.org\\\/es\\\/la-jornet-fest-recauda-un-total-de-26-800-euros-en-favor-de-la-fundacio-impulsa\\\/\"},\"wordCount\":320,\"image\":{\"@id\":\"https:\\\/\\\/www.fundacioimpulsa.org\\\/es\\\/la-jornet-fest-recauda-un-total-de-26-800-euros-en-favor-de-la-fundacio-impulsa\\\/#primaryimage\"},\"thumbnailUrl\":\"https:\\\/\\\/www.fundacioimpulsa.org\\\/wp-content\\\/uploads\\\/2023\\\/09\\\/JOrnet-Fest.jpeg\",\"keywords\":[\"#OrganizacionesImpulsoras\"],\"articleSection\":[\"Noticias\",\"Sin categorizar\"],\"inLanguage\":\"es\"},{\"@type\":\"WebPage\",\"@id\":\"https:\\\/\\\/www.fundacioimpulsa.org\\\/es\\\/la-jornet-fest-recauda-un-total-de-26-800-euros-en-favor-de-la-fundacio-impulsa\\\/\",\"url\":\"https:\\\/\\\/www.fundacioimpulsa.org\\\/es\\\/la-jornet-fest-recauda-un-total-de-26-800-euros-en-favor-de-la-fundacio-impulsa\\\/\",\"name\":\"La JornetFest recauda un total de 26.800\u20ac a favor de la Fundaci\u00f3n Impulsa en el Baix Empord\u00e0 - Fundacio Impulsa\",\"isPartOf\":{\"@id\":\"https:\\\/\\\/www.fundacioimpulsa.org\\\/es\\\/#website\"},\"primaryImageOfPage\":{\"@id\":\"https:\\\/\\\/www.fundacioimpulsa.org\\\/es\\\/la-jornet-fest-recauda-un-total-de-26-800-euros-en-favor-de-la-fundacio-impulsa\\\/#primaryimage\"},\"image\":{\"@id\":\"https:\\\/\\\/www.fundacioimpulsa.org\\\/es\\\/la-jornet-fest-recauda-un-total-de-26-800-euros-en-favor-de-la-fundacio-impulsa\\\/#primaryimage\"},\"thumbnailUrl\":\"https:\\\/\\\/www.fundacioimpulsa.org\\\/wp-content\\\/uploads\\\/2023\\\/09\\\/JOrnet-Fest.jpeg\",\"datePublished\":\"2023-09-20T16:10:56+00:00\",\"author\":{\"@id\":\"https:\\\/\\\/www.fundacioimpulsa.org\\\/es\\\/#\\\/schema\\\/person\\\/8e5d127d58d49b0b3a374d763db6672b\"},\"breadcrumb\":{\"@id\":\"https:\\\/\\\/www.fundacioimpulsa.org\\\/es\\\/la-jornet-fest-recauda-un-total-de-26-800-euros-en-favor-de-la-fundacio-impulsa\\\/#breadcrumb\"},\"inLanguage\":\"es\",\"potentialAction\":[{\"@type\":\"ReadAction\",\"target\":[\"https:\\\/\\\/www.fundacioimpulsa.org\\\/es\\\/la-jornet-fest-recauda-un-total-de-26-800-euros-en-favor-de-la-fundacio-impulsa\\\/\"]}]},{\"@type\":\"ImageObject\",\"inLanguage\":\"es\",\"@id\":\"https:\\\/\\\/www.fundacioimpulsa.org\\\/es\\\/la-jornet-fest-recauda-un-total-de-26-800-euros-en-favor-de-la-fundacio-impulsa\\\/#primaryimage\",\"url\":\"https:\\\/\\\/www.fundacioimpulsa.org\\\/wp-content\\\/uploads\\\/2023\\\/09\\\/JOrnet-Fest.jpeg\",\"contentUrl\":\"https:\\\/\\\/www.fundacioimpulsa.org\\\/wp-content\\\/uploads\\\/2023\\\/09\\\/JOrnet-Fest.jpeg\",\"width\":2000,\"height\":1004},{\"@type\":\"BreadcrumbList\",\"@id\":\"https:\\\/\\\/www.fundacioimpulsa.org\\\/es\\\/la-jornet-fest-recauda-un-total-de-26-800-euros-en-favor-de-la-fundacio-impulsa\\\/#breadcrumb\",\"itemListElement\":[{\"@type\":\"ListItem\",\"position\":1,\"name\":\"Inici\",\"item\":\"https:\\\/\\\/www.fundacioimpulsa.org\\\/es\\\/fundacio-impulsa\\\/\"},{\"@type\":\"ListItem\",\"position\":2,\"name\":\"La JornetFest recauda un total de 26.800\u20ac a favor de la Fundaci\u00f3n Impulsa en el Baix Empord\u00e0\"}]},{\"@type\":\"WebSite\",\"@id\":\"https:\\\/\\\/www.fundacioimpulsa.org\\\/es\\\/#website\",\"url\":\"https:\\\/\\\/www.fundacioimpulsa.org\\\/es\\\/\",\"name\":\"Fundacio Impulsa\",\"description\":\"\",\"potentialAction\":[{\"@type\":\"SearchAction\",\"target\":{\"@type\":\"EntryPoint\",\"urlTemplate\":\"https:\\\/\\\/www.fundacioimpulsa.org\\\/es\\\/?s={search_term_string}\"},\"query-input\":{\"@type\":\"PropertyValueSpecification\",\"valueRequired\":true,\"valueName\":\"search_term_string\"}}],\"inLanguage\":\"es\"},{\"@type\":\"Person\",\"@id\":\"https:\\\/\\\/www.fundacioimpulsa.org\\\/es\\\/#\\\/schema\\\/person\\\/8e5d127d58d49b0b3a374d763db6672b\",\"name\":\"comunicacio\",\"image\":{\"@type\":\"ImageObject\",\"inLanguage\":\"es\",\"@id\":\"https:\\\/\\\/secure.gravatar.com\\\/avatar\\\/179d9804721934af904d6831ff1a982684d2987826415ba17246a2fefb582344?s=96&d=mm&r=g\",\"url\":\"https:\\\/\\\/secure.gravatar.com\\\/avatar\\\/179d9804721934af904d6831ff1a982684d2987826415ba17246a2fefb582344?s=96&d=mm&r=g\",\"contentUrl\":\"https:\\\/\\\/secure.gravatar.com\\\/avatar\\\/179d9804721934af904d6831ff1a982684d2987826415ba17246a2fefb582344?s=96&d=mm&r=g\",\"caption\":\"comunicacio\"},\"url\":\"https:\\\/\\\/www.fundacioimpulsa.org\\\/es\\\/author\\\/comunicacio\\\/\"}]}<\/script>\n<!-- \/ Yoast SEO plugin. -->","yoast_head_json":{"title":"La JornetFest recauda un total de 26.800\u20ac a favor de la Fundaci\u00f3n Impulsa en el Baix Empord\u00e0 - Fundacio Impulsa","robots":{"index":"index","follow":"follow","max-snippet":"max-snippet:-1","max-image-preview":"max-image-preview:large","max-video-preview":"max-video-preview:-1"},"canonical":"https:\/\/www.fundacioimpulsa.org\/es\/la-jornet-fest-recauda-un-total-de-26-800-euros-en-favor-de-la-fundacio-impulsa\/","og_locale":"es_ES","og_type":"article","og_title":"La JornetFest recauda un total de 26.800\u20ac a favor de la Fundaci\u00f3n Impulsa en el Baix Empord\u00e0 - Fundacio Impulsa","og_description":"El pasado 27 de julio, Helena Jornet Finques organiz\u00f3 la 2a edici\u00f3n de la JornetFest, una fiesta para celebrar la vida, que este a\u00f1o incorpor\u00f3 un ingrediente m\u00e1s: la solidaridad. A trav\u00e9s de una convocatoria, la Fundaci\u00f3n Impulsa fue seleccionada por ser la entidad beneficiaria del evento de este 2023, donde se recaudaron 26.829,85\u20ac.\u00a0 M\u00e1s [&hellip;]","og_url":"https:\/\/www.fundacioimpulsa.org\/es\/la-jornet-fest-recauda-un-total-de-26-800-euros-en-favor-de-la-fundacio-impulsa\/","og_site_name":"Fundacio Impulsa","article_published_time":"2023-09-20T16:10:56+00:00","og_image":[{"width":2000,"height":1004,"url":"https:\/\/www.fundacioimpulsa.org\/wp-content\/uploads\/2023\/09\/JOrnet-Fest.jpeg","type":"image\/jpeg"}],"author":"comunicacio","twitter_card":"summary_large_image","twitter_misc":{"Escrito por":"comunicacio","Tiempo de lectura":"2 minutos"},"schema":{"@context":"https:\/\/schema.org","@graph":[{"@type":"Article","@id":"https:\/\/www.fundacioimpulsa.org\/es\/la-jornet-fest-recauda-un-total-de-26-800-euros-en-favor-de-la-fundacio-impulsa\/#article","isPartOf":{"@id":"https:\/\/www.fundacioimpulsa.org\/es\/la-jornet-fest-recauda-un-total-de-26-800-euros-en-favor-de-la-fundacio-impulsa\/"},"author":{"name":"comunicacio","@id":"https:\/\/www.fundacioimpulsa.org\/es\/#\/schema\/person\/8e5d127d58d49b0b3a374d763db6672b"},"headline":"La JornetFest recauda un total de 26.800\u20ac a favor de la Fundaci\u00f3n Impulsa en el Baix Empord\u00e0","datePublished":"2023-09-20T16:10:56+00:00","mainEntityOfPage":{"@id":"https:\/\/www.fundacioimpulsa.org\/es\/la-jornet-fest-recauda-un-total-de-26-800-euros-en-favor-de-la-fundacio-impulsa\/"},"wordCount":320,"image":{"@id":"https:\/\/www.fundacioimpulsa.org\/es\/la-jornet-fest-recauda-un-total-de-26-800-euros-en-favor-de-la-fundacio-impulsa\/#primaryimage"},"thumbnailUrl":"https:\/\/www.fundacioimpulsa.org\/wp-content\/uploads\/2023\/09\/JOrnet-Fest.jpeg","keywords":["#OrganizacionesImpulsoras"],"articleSection":["Noticias","Sin categorizar"],"inLanguage":"es"},{"@type":"WebPage","@id":"https:\/\/www.fundacioimpulsa.org\/es\/la-jornet-fest-recauda-un-total-de-26-800-euros-en-favor-de-la-fundacio-impulsa\/","url":"https:\/\/www.fundacioimpulsa.org\/es\/la-jornet-fest-recauda-un-total-de-26-800-euros-en-favor-de-la-fundacio-impulsa\/","name":"La JornetFest recauda un total de 26.800\u20ac a favor de la Fundaci\u00f3n Impulsa en el Baix Empord\u00e0 - Fundacio Impulsa","isPartOf":{"@id":"https:\/\/www.fundacioimpulsa.org\/es\/#website"},"primaryImageOfPage":{"@id":"https:\/\/www.fundacioimpulsa.org\/es\/la-jornet-fest-recauda-un-total-de-26-800-euros-en-favor-de-la-fundacio-impulsa\/#primaryimage"},"image":{"@id":"https:\/\/www.fundacioimpulsa.org\/es\/la-jornet-fest-recauda-un-total-de-26-800-euros-en-favor-de-la-fundacio-impulsa\/#primaryimage"},"thumbnailUrl":"https:\/\/www.fundacioimpulsa.org\/wp-content\/uploads\/2023\/09\/JOrnet-Fest.jpeg","datePublished":"2023-09-20T16:10:56+00:00","author":{"@id":"https:\/\/www.fundacioimpulsa.org\/es\/#\/schema\/person\/8e5d127d58d49b0b3a374d763db6672b"},"breadcrumb":{"@id":"https:\/\/www.fundacioimpulsa.org\/es\/la-jornet-fest-recauda-un-total-de-26-800-euros-en-favor-de-la-fundacio-impulsa\/#breadcrumb"},"inLanguage":"es","potentialAction":[{"@type":"ReadAction","target":["https:\/\/www.fundacioimpulsa.org\/es\/la-jornet-fest-recauda-un-total-de-26-800-euros-en-favor-de-la-fundacio-impulsa\/"]}]},{"@type":"ImageObject","inLanguage":"es","@id":"https:\/\/www.fundacioimpulsa.org\/es\/la-jornet-fest-recauda-un-total-de-26-800-euros-en-favor-de-la-fundacio-impulsa\/#primaryimage","url":"https:\/\/www.fundacioimpulsa.org\/wp-content\/uploads\/2023\/09\/JOrnet-Fest.jpeg","contentUrl":"https:\/\/www.fundacioimpulsa.org\/wp-content\/uploads\/2023\/09\/JOrnet-Fest.jpeg","width":2000,"height":1004},{"@type":"BreadcrumbList","@id":"https:\/\/www.fundacioimpulsa.org\/es\/la-jornet-fest-recauda-un-total-de-26-800-euros-en-favor-de-la-fundacio-impulsa\/#breadcrumb","itemListElement":[{"@type":"ListItem","position":1,"name":"Inici","item":"https:\/\/www.fundacioimpulsa.org\/es\/fundacio-impulsa\/"},{"@type":"ListItem","position":2,"name":"La JornetFest recauda un total de 26.800\u20ac a favor de la Fundaci\u00f3n Impulsa en el Baix Empord\u00e0"}]},{"@type":"WebSite","@id":"https:\/\/www.fundacioimpulsa.org\/es\/#website","url":"https:\/\/www.fundacioimpulsa.org\/es\/","name":"Fundacio Impulsa","description":"","potentialAction":[{"@type":"SearchAction","target":{"@type":"EntryPoint","urlTemplate":"https:\/\/www.fundacioimpulsa.org\/es\/?s={search_term_string}"},"query-input":{"@type":"PropertyValueSpecification","valueRequired":true,"valueName":"search_term_string"}}],"inLanguage":"es"},{"@type":"Person","@id":"https:\/\/www.fundacioimpulsa.org\/es\/#\/schema\/person\/8e5d127d58d49b0b3a374d763db6672b","name":"comunicacio","image":{"@type":"ImageObject","inLanguage":"es","@id":"https:\/\/secure.gravatar.com\/avatar\/179d9804721934af904d6831ff1a982684d2987826415ba17246a2fefb582344?s=96&d=mm&r=g","url":"https:\/\/secure.gravatar.com\/avatar\/179d9804721934af904d6831ff1a982684d2987826415ba17246a2fefb582344?s=96&d=mm&r=g","contentUrl":"https:\/\/secure.gravatar.com\/avatar\/179d9804721934af904d6831ff1a982684d2987826415ba17246a2fefb582344?s=96&d=mm&r=g","caption":"comunicacio"},"url":"https:\/\/www.fundacioimpulsa.org\/es\/author\/comunicacio\/"}]}},"publishpress_future_action":{"enabled":false,"date":"2026-05-08 18:55:19","action":"change-status","newStatus":"draft","terms":[],"taxonomy":"category","extraData":[]},"publishpress_future_workflow_manual_trigger":{"enabledWorkflows":[]},"_links":{"self":[{"href":"https:\/\/www.fundacioimpulsa.org\/es\/wp-json\/wp\/v2\/posts\/9557","targetHints":{"allow":["GET"]}}],"collection":[{"href":"https:\/\/www.fundacioimpulsa.org\/es\/wp-json\/wp\/v2\/posts"}],"about":[{"href":"https:\/\/www.fundacioimpulsa.org\/es\/wp-json\/wp\/v2\/types\/post"}],"author":[{"embeddable":true,"href":"https:\/\/www.fundacioimpulsa.org\/es\/wp-json\/wp\/v2\/users\/6"}],"replies":[{"embeddable":true,"href":"https:\/\/www.fundacioimpulsa.org\/es\/wp-json\/wp\/v2\/comments?post=9557"}],"version-history":[{"count":4,"href":"https:\/\/www.fundacioimpulsa.org\/es\/wp-json\/wp\/v2\/posts\/9557\/revisions"}],"predecessor-version":[{"id":9570,"href":"https:\/\/www.fundacioimpulsa.org\/es\/wp-json\/wp\/v2\/posts\/9557\/revisions\/9570"}],"wp:featuredmedia":[{"embeddable":true,"href":"https:\/\/www.fundacioimpulsa.org\/es\/wp-json\/wp\/v2\/media\/9551"}],"wp:attachment":[{"href":"https:\/\/www.fundacioimpulsa.org\/es\/wp-json\/wp\/v2\/media?parent=9557"}],"wp:term":[{"taxonomy":"category","embeddable":true,"href":"https:\/\/www.fundacioimpulsa.org\/es\/wp-json\/wp\/v2\/categories?post=9557"},{"taxonomy":"post_tag","embeddable":true,"href":"https:\/\/www.fundacioimpulsa.org\/es\/wp-json\/wp\/v2\/tags?post=9557"}],"curies":[{"name":"wp","href":"https:\/\/api.w.org\/{rel}","templated":true}]}}